{"id":7664,"date":"2017-11-05T23:59:49","date_gmt":"2017-11-05T21:59:49","guid":{"rendered":"http:\/\/wpkcs.karnevalsverein-sacro.de\/?p=7664"},"modified":"2017-11-06T00:10:55","modified_gmt":"2017-11-05T22:10:55","slug":"suesses-fuer-augen-und-ohren-der-kcs-steht-in-den-startloechern","status":"publish","type":"post","link":"https:\/\/wpkcs.karnevalsverein-sacro.de\/?p=7664","title":{"rendered":"S\u00fc\u00dfes f\u00fcr Augen und Ohren \u2013 der KCS steht in den Startl\u00f6chern"},"content":{"rendered":"<h3><strong>Nur noch wenige Tage bis es wieder durch Forschtes Stra\u00dfen schallt &#8222;Foschte Helau!!!&#8220;<\/strong><\/h3>\n<p>&nbsp;<\/p>\n<h5>Heute war Generalprobe. Unsere G\u00e4ste k\u00f6nnen sich auf ein buntes abwechslungsreiches und lustiges Programm freuen.<\/h5>\n<h5>Impressionen der letzten Wochen&#8230;<\/h5>\n<div id=\"kad-wp-gallery23\" class=\"kad-wp-gallery kad-light-wp-gallery clearfix kt-gallery-column-3 rowtight\"><div class=\"tcol-lg-4 tcol-md-4 tcol-sm-4 tcol-xs-6 tcol-ss-12 g_item\"><div class=\"grid_item kad_gallery_fade_in gallery_item\"><a href=\"https:\/\/wpkcs.karnevalsverein-sacro.de\/wp-content\/uploads\/2017\/11\/DSC04582-LR-1500.jpg\" data-rel=\"lightbox\" class=\"lightboxhover\"><img loading=\"lazy\" decoding=\"async\" src=\"https:\/\/wpkcs.karnevalsverein-sacro.de\/wp-content\/uploads\/2017\/11\/DSC04582-LR-1500-400x400.jpg\" width=\"400\" height=\"400\" alt=\"Das M\u00e4nnerballett in Action. Geniale Show.\" srcset=\"https:\/\/wpkcs.karnevalsverein-sacro.de\/wp-content\/uploads\/2017\/11\/DSC04582-LR-1500-400x400.jpg 400w, https:\/\/wpkcs.karnevalsverein-sacro.de\/wp-content\/uploads\/2017\/11\/DSC04582-LR-1500-230x230.jpg 230w, https:\/\/wpkcs.karnevalsverein-sacro.de\/wp-content\/uploads\/2017\/11\/DSC04582-LR-1500-280x280.jpg 280w, https:\/\/wpkcs.karnevalsverein-sacro.de\/wp-content\/uploads\/2017\/11\/DSC04582-LR-1500-560x560.jpg 560w, https:\/\/wpkcs.karnevalsverein-sacro.de\/wp-content\/uploads\/2017\/11\/DSC04582-LR-1500-800x800.jpg 800w\" sizes=\"auto, (max-width: 400px) 100vw, 400px\" class=\"light-dropshaddow\"\/><\/a><\/div><\/div><div class=\"tcol-lg-4 tcol-md-4 tcol-sm-4 tcol-xs-6 tcol-ss-12 g_item\"><div class=\"grid_item kad_gallery_fade_in gallery_item\"><a href=\"https:\/\/wpkcs.karnevalsverein-sacro.de\/wp-content\/uploads\/2017\/11\/DSC04556-LR-1500.jpg\" data-rel=\"lightbox\" class=\"lightboxhover\"><img loading=\"lazy\" decoding=\"async\" src=\"https:\/\/wpkcs.karnevalsverein-sacro.de\/wp-content\/uploads\/2017\/11\/DSC04556-LR-1500-400x400.jpg\" width=\"400\" height=\"400\" alt=\"Saalpolizei in Action\" srcset=\"https:\/\/wpkcs.karnevalsverein-sacro.de\/wp-content\/uploads\/2017\/11\/DSC04556-LR-1500-400x400.jpg 400w, https:\/\/wpkcs.karnevalsverein-sacro.de\/wp-content\/uploads\/2017\/11\/DSC04556-LR-1500-230x230.jpg 230w, https:\/\/wpkcs.karnevalsverein-sacro.de\/wp-content\/uploads\/2017\/11\/DSC04556-LR-1500-280x280.jpg 280w, https:\/\/wpkcs.karnevalsverein-sacro.de\/wp-content\/uploads\/2017\/11\/DSC04556-LR-1500-560x560.jpg 560w, https:\/\/wpkcs.karnevalsverein-sacro.de\/wp-content\/uploads\/2017\/11\/DSC04556-LR-1500-800x800.jpg 800w\" sizes=\"auto, (max-width: 400px) 100vw, 400px\" class=\"light-dropshaddow\"\/><\/a><\/div><\/div><div class=\"tcol-lg-4 tcol-md-4 tcol-sm-4 tcol-xs-6 tcol-ss-12 g_item\"><div class=\"grid_item kad_gallery_fade_in gallery_item\"><a href=\"https:\/\/wpkcs.karnevalsverein-sacro.de\/wp-content\/uploads\/2017\/11\/DSC04584-LR-1500.jpg\" data-rel=\"lightbox\" class=\"lightboxhover\"><img loading=\"lazy\" decoding=\"async\" src=\"https:\/\/wpkcs.karnevalsverein-sacro.de\/wp-content\/uploads\/2017\/11\/DSC04584-LR-1500-400x400.jpg\" width=\"400\" height=\"400\" alt=\"Elferrat in &quot;Action&quot;\" srcset=\"https:\/\/wpkcs.karnevalsverein-sacro.de\/wp-content\/uploads\/2017\/11\/DSC04584-LR-1500-400x400.jpg 400w, https:\/\/wpkcs.karnevalsverein-sacro.de\/wp-content\/uploads\/2017\/11\/DSC04584-LR-1500-230x230.jpg 230w, https:\/\/wpkcs.karnevalsverein-sacro.de\/wp-content\/uploads\/2017\/11\/DSC04584-LR-1500-280x280.jpg 280w, https:\/\/wpkcs.karnevalsverein-sacro.de\/wp-content\/uploads\/2017\/11\/DSC04584-LR-1500-560x560.jpg 560w, https:\/\/wpkcs.karnevalsverein-sacro.de\/wp-content\/uploads\/2017\/11\/DSC04584-LR-1500-800x800.jpg 800w\" sizes=\"auto, (max-width: 400px) 100vw, 400px\" class=\"light-dropshaddow\"\/><\/a><\/div><\/div><div class=\"tcol-lg-4 tcol-md-4 tcol-sm-4 tcol-xs-6 tcol-ss-12 g_item\"><div class=\"grid_item kad_gallery_fade_in gallery_item\"><a href=\"https:\/\/wpkcs.karnevalsverein-sacro.de\/wp-content\/uploads\/2017\/11\/DSC04587-LR-1500.jpg\" data-rel=\"lightbox\" class=\"lightboxhover\"><img loading=\"lazy\" decoding=\"async\" src=\"https:\/\/wpkcs.karnevalsverein-sacro.de\/wp-content\/uploads\/2017\/11\/DSC04587-LR-1500-400x400.jpg\" width=\"400\" height=\"400\" alt=\"Ansage unserer Pr\u00e4sidentin.\" srcset=\"https:\/\/wpkcs.karnevalsverein-sacro.de\/wp-content\/uploads\/2017\/11\/DSC04587-LR-1500-400x400.jpg 400w, https:\/\/wpkcs.karnevalsverein-sacro.de\/wp-content\/uploads\/2017\/11\/DSC04587-LR-1500-230x230.jpg 230w, https:\/\/wpkcs.karnevalsverein-sacro.de\/wp-content\/uploads\/2017\/11\/DSC04587-LR-1500-280x280.jpg 280w, https:\/\/wpkcs.karnevalsverein-sacro.de\/wp-content\/uploads\/2017\/11\/DSC04587-LR-1500-560x560.jpg 560w, https:\/\/wpkcs.karnevalsverein-sacro.de\/wp-content\/uploads\/2017\/11\/DSC04587-LR-1500-800x800.jpg 800w\" sizes=\"auto, (max-width: 400px) 100vw, 400px\" class=\"light-dropshaddow\"\/><\/a><\/div><\/div><div class=\"tcol-lg-4 tcol-md-4 tcol-sm-4 tcol-xs-6 tcol-ss-12 g_item\"><div class=\"grid_item kad_gallery_fade_in gallery_item\"><a href=\"https:\/\/wpkcs.karnevalsverein-sacro.de\/wp-content\/uploads\/2017\/11\/DSC04522-LR-1500.jpg\" data-rel=\"lightbox\" class=\"lightboxhover\"><img loading=\"lazy\" decoding=\"async\" src=\"https:\/\/wpkcs.karnevalsverein-sacro.de\/wp-content\/uploads\/2017\/11\/DSC04522-LR-1500-400x400.jpg\" width=\"400\" height=\"400\" alt=\"Aufzeichnung Werbeclip f\u00fcr Weihnachten.\" srcset=\"https:\/\/wpkcs.karnevalsverein-sacro.de\/wp-content\/uploads\/2017\/11\/DSC04522-LR-1500-400x400.jpg 400w, https:\/\/wpkcs.karnevalsverein-sacro.de\/wp-content\/uploads\/2017\/11\/DSC04522-LR-1500-230x230.jpg 230w, https:\/\/wpkcs.karnevalsverein-sacro.de\/wp-content\/uploads\/2017\/11\/DSC04522-LR-1500-280x280.jpg 280w, https:\/\/wpkcs.karnevalsverein-sacro.de\/wp-content\/uploads\/2017\/11\/DSC04522-LR-1500-560x560.jpg 560w, https:\/\/wpkcs.karnevalsverein-sacro.de\/wp-content\/uploads\/2017\/11\/DSC04522-LR-1500-800x800.jpg 800w\" sizes=\"auto, (max-width: 400px) 100vw, 400px\" class=\"light-dropshaddow\"\/><\/a><\/div><\/div><div class=\"tcol-lg-4 tcol-md-4 tcol-sm-4 tcol-xs-6 tcol-ss-12 g_item\"><div class=\"grid_item kad_gallery_fade_in gallery_item\"><a href=\"https:\/\/wpkcs.karnevalsverein-sacro.de\/wp-content\/uploads\/2017\/11\/DSC04529-LR-1500.jpg\" data-rel=\"lightbox\" class=\"lightboxhover\"><img loading=\"lazy\" decoding=\"async\" src=\"https:\/\/wpkcs.karnevalsverein-sacro.de\/wp-content\/uploads\/2017\/11\/DSC04529-LR-1500-400x400.jpg\" width=\"400\" height=\"400\" alt=\"Der Kartenverkauf l\u00e4uft dank J\u00f6rgs unerm\u00fcdlichen Einsatz.\" srcset=\"https:\/\/wpkcs.karnevalsverein-sacro.de\/wp-content\/uploads\/2017\/11\/DSC04529-LR-1500-400x400.jpg 400w, https:\/\/wpkcs.karnevalsverein-sacro.de\/wp-content\/uploads\/2017\/11\/DSC04529-LR-1500-230x230.jpg 230w, https:\/\/wpkcs.karnevalsverein-sacro.de\/wp-content\/uploads\/2017\/11\/DSC04529-LR-1500-280x280.jpg 280w, https:\/\/wpkcs.karnevalsverein-sacro.de\/wp-content\/uploads\/2017\/11\/DSC04529-LR-1500-560x560.jpg 560w, https:\/\/wpkcs.karnevalsverein-sacro.de\/wp-content\/uploads\/2017\/11\/DSC04529-LR-1500-800x800.jpg 800w\" sizes=\"auto, (max-width: 400px) 100vw, 400px\" class=\"light-dropshaddow\"\/><\/a><\/div><\/div><div class=\"tcol-lg-4 tcol-md-4 tcol-sm-4 tcol-xs-6 tcol-ss-12 g_item\"><div class=\"grid_item kad_gallery_fade_in gallery_item\"><a href=\"https:\/\/wpkcs.karnevalsverein-sacro.de\/wp-content\/uploads\/2017\/11\/DSC04552-LR-1500.jpg\" data-rel=\"lightbox\" class=\"lightboxhover\"><img loading=\"lazy\" decoding=\"async\" src=\"https:\/\/wpkcs.karnevalsverein-sacro.de\/wp-content\/uploads\/2017\/11\/DSC04552-LR-1500-400x400.jpg\" width=\"400\" height=\"400\" alt=\"Unser neues Prinzenpaar wird erst am 11.11. bekannt gegeben.\" srcset=\"https:\/\/wpkcs.karnevalsverein-sacro.de\/wp-content\/uploads\/2017\/11\/DSC04552-LR-1500-400x400.jpg 400w, https:\/\/wpkcs.karnevalsverein-sacro.de\/wp-content\/uploads\/2017\/11\/DSC04552-LR-1500-230x230.jpg 230w, https:\/\/wpkcs.karnevalsverein-sacro.de\/wp-content\/uploads\/2017\/11\/DSC04552-LR-1500-280x280.jpg 280w, https:\/\/wpkcs.karnevalsverein-sacro.de\/wp-content\/uploads\/2017\/11\/DSC04552-LR-1500-560x560.jpg 560w, https:\/\/wpkcs.karnevalsverein-sacro.de\/wp-content\/uploads\/2017\/11\/DSC04552-LR-1500-800x800.jpg 800w\" sizes=\"auto, (max-width: 400px) 100vw, 400px\" class=\"light-dropshaddow\"\/><\/a><\/div><\/div><\/div>\n<h5>Viele Tage und N\u00e4chte wurde gebastelt, gebaut und geprobt.<\/h5>\n<div id=\"kad-wp-gallery34\" class=\"kad-wp-gallery kad-light-wp-gallery clearfix kt-gallery-column-3 rowtight\"><div class=\"tcol-lg-4 tcol-md-4 tcol-sm-4 tcol-xs-6 tcol-ss-12 g_item\"><div class=\"grid_item kad_gallery_fade_in gallery_item\"><a href=\"https:\/\/wpkcs.karnevalsverein-sacro.de\/wp-content\/uploads\/2017\/11\/20171025_200100-1500.jpg\" data-rel=\"lightbox\" class=\"lightboxhover\"><img loading=\"lazy\" decoding=\"async\" src=\"https:\/\/wpkcs.karnevalsverein-sacro.de\/wp-content\/uploads\/2017\/11\/20171025_200100-1500-400x400.jpg\" width=\"400\" height=\"400\" alt=\"Die Runzelfunken \u00fcben und \u00fcben und \u00fcben f\u00fcr ein perfekten Tanz. \" srcset=\"https:\/\/wpkcs.karnevalsverein-sacro.de\/wp-content\/uploads\/2017\/11\/20171025_200100-1500-400x400.jpg 400w, https:\/\/wpkcs.karnevalsverein-sacro.de\/wp-content\/uploads\/2017\/11\/20171025_200100-1500-230x230.jpg 230w, https:\/\/wpkcs.karnevalsverein-sacro.de\/wp-content\/uploads\/2017\/11\/20171025_200100-1500-280x280.jpg 280w, https:\/\/wpkcs.karnevalsverein-sacro.de\/wp-content\/uploads\/2017\/11\/20171025_200100-1500-560x560.jpg 560w, https:\/\/wpkcs.karnevalsverein-sacro.de\/wp-content\/uploads\/2017\/11\/20171025_200100-1500-800x800.jpg 800w\" sizes=\"auto, (max-width: 400px) 100vw, 400px\" class=\"light-dropshaddow\"\/><\/a><\/div><\/div><div class=\"tcol-lg-4 tcol-md-4 tcol-sm-4 tcol-xs-6 tcol-ss-12 g_item\"><div class=\"grid_item kad_gallery_fade_in gallery_item\"><a href=\"https:\/\/wpkcs.karnevalsverein-sacro.de\/wp-content\/uploads\/2017\/11\/20171103_200153-1500.jpg\" data-rel=\"lightbox\" class=\"lightboxhover\"><img loading=\"lazy\" decoding=\"async\" src=\"https:\/\/wpkcs.karnevalsverein-sacro.de\/wp-content\/uploads\/2017\/11\/20171103_200153-1500-400x400.jpg\" width=\"400\" height=\"400\" alt=\"Feinschliff an der Requisite.\" srcset=\"https:\/\/wpkcs.karnevalsverein-sacro.de\/wp-content\/uploads\/2017\/11\/20171103_200153-1500-400x400.jpg 400w, https:\/\/wpkcs.karnevalsverein-sacro.de\/wp-content\/uploads\/2017\/11\/20171103_200153-1500-230x230.jpg 230w, https:\/\/wpkcs.karnevalsverein-sacro.de\/wp-content\/uploads\/2017\/11\/20171103_200153-1500-280x280.jpg 280w, https:\/\/wpkcs.karnevalsverein-sacro.de\/wp-content\/uploads\/2017\/11\/20171103_200153-1500-560x560.jpg 560w, https:\/\/wpkcs.karnevalsverein-sacro.de\/wp-content\/uploads\/2017\/11\/20171103_200153-1500-800x800.jpg 800w\" sizes=\"auto, (max-width: 400px) 100vw, 400px\" class=\"light-dropshaddow\"\/><\/a><\/div><\/div><div class=\"tcol-lg-4 tcol-md-4 tcol-sm-4 tcol-xs-6 tcol-ss-12 g_item\"><div class=\"grid_item kad_gallery_fade_in gallery_item\"><a href=\"https:\/\/wpkcs.karnevalsverein-sacro.de\/wp-content\/uploads\/2017\/11\/20171103_200145-1500.jpg\" data-rel=\"lightbox\" class=\"lightboxhover\"><img loading=\"lazy\" decoding=\"async\" src=\"https:\/\/wpkcs.karnevalsverein-sacro.de\/wp-content\/uploads\/2017\/11\/20171103_200145-1500-400x400.jpg\" width=\"400\" height=\"400\" alt=\"Das ist Attrappe. Wie macht J\u00f6rg das nur immer. \" srcset=\"https:\/\/wpkcs.karnevalsverein-sacro.de\/wp-content\/uploads\/2017\/11\/20171103_200145-1500-400x400.jpg 400w, https:\/\/wpkcs.karnevalsverein-sacro.de\/wp-content\/uploads\/2017\/11\/20171103_200145-1500-230x230.jpg 230w, https:\/\/wpkcs.karnevalsverein-sacro.de\/wp-content\/uploads\/2017\/11\/20171103_200145-1500-280x280.jpg 280w, https:\/\/wpkcs.karnevalsverein-sacro.de\/wp-content\/uploads\/2017\/11\/20171103_200145-1500-560x560.jpg 560w, https:\/\/wpkcs.karnevalsverein-sacro.de\/wp-content\/uploads\/2017\/11\/20171103_200145-1500-800x800.jpg 800w\" sizes=\"auto, (max-width: 400px) 100vw, 400px\" class=\"light-dropshaddow\"\/><\/a><\/div><\/div><div class=\"tcol-lg-4 tcol-md-4 tcol-sm-4 tcol-xs-6 tcol-ss-12 g_item\"><div class=\"grid_item kad_gallery_fade_in gallery_item\"><a href=\"https:\/\/wpkcs.karnevalsverein-sacro.de\/wp-content\/uploads\/2017\/11\/20171103_200727-1500.jpg\" data-rel=\"lightbox\" class=\"lightboxhover\"><img loading=\"lazy\" decoding=\"async\" src=\"https:\/\/wpkcs.karnevalsverein-sacro.de\/wp-content\/uploads\/2017\/11\/20171103_200727-1500-400x400.jpg\" width=\"400\" height=\"400\" alt=\"Neuer Schmuck f\u00fcr die Grazien des M\u00e4nnerballett.\" srcset=\"https:\/\/wpkcs.karnevalsverein-sacro.de\/wp-content\/uploads\/2017\/11\/20171103_200727-1500-400x400.jpg 400w, https:\/\/wpkcs.karnevalsverein-sacro.de\/wp-content\/uploads\/2017\/11\/20171103_200727-1500-230x230.jpg 230w, https:\/\/wpkcs.karnevalsverein-sacro.de\/wp-content\/uploads\/2017\/11\/20171103_200727-1500-280x280.jpg 280w, https:\/\/wpkcs.karnevalsverein-sacro.de\/wp-content\/uploads\/2017\/11\/20171103_200727-1500-560x560.jpg 560w, https:\/\/wpkcs.karnevalsverein-sacro.de\/wp-content\/uploads\/2017\/11\/20171103_200727-1500-800x800.jpg 800w\" sizes=\"auto, (max-width: 400px) 100vw, 400px\" class=\"light-dropshaddow\"\/><\/a><\/div><\/div><div class=\"tcol-lg-4 tcol-md-4 tcol-sm-4 tcol-xs-6 tcol-ss-12 g_item\"><div class=\"grid_item kad_gallery_fade_in gallery_item\"><a href=\"https:\/\/wpkcs.karnevalsverein-sacro.de\/wp-content\/uploads\/2017\/11\/20171031_160854-1500.jpg\" data-rel=\"lightbox\" class=\"lightboxhover\"><img loading=\"lazy\" decoding=\"async\" src=\"https:\/\/wpkcs.karnevalsverein-sacro.de\/wp-content\/uploads\/2017\/11\/20171031_160854-1500-400x400.jpg\" width=\"400\" height=\"400\" alt=\"Viele Stunden n\u00e4chtliche bastelarbeit.\" srcset=\"https:\/\/wpkcs.karnevalsverein-sacro.de\/wp-content\/uploads\/2017\/11\/20171031_160854-1500-400x400.jpg 400w, https:\/\/wpkcs.karnevalsverein-sacro.de\/wp-content\/uploads\/2017\/11\/20171031_160854-1500-230x230.jpg 230w, https:\/\/wpkcs.karnevalsverein-sacro.de\/wp-content\/uploads\/2017\/11\/20171031_160854-1500-280x280.jpg 280w, https:\/\/wpkcs.karnevalsverein-sacro.de\/wp-content\/uploads\/2017\/11\/20171031_160854-1500-560x560.jpg 560w, https:\/\/wpkcs.karnevalsverein-sacro.de\/wp-content\/uploads\/2017\/11\/20171031_160854-1500-800x800.jpg 800w\" sizes=\"auto, (max-width: 400px) 100vw, 400px\" class=\"light-dropshaddow\"\/><\/a><\/div><\/div><div class=\"tcol-lg-4 tcol-md-4 tcol-sm-4 tcol-xs-6 tcol-ss-12 g_item\"><div class=\"grid_item kad_gallery_fade_in gallery_item\"><a href=\"https:\/\/wpkcs.karnevalsverein-sacro.de\/wp-content\/uploads\/2017\/11\/20171031_155735-1500.jpg\" data-rel=\"lightbox\" class=\"lightboxhover\"><img loading=\"lazy\" decoding=\"async\" src=\"https:\/\/wpkcs.karnevalsverein-sacro.de\/wp-content\/uploads\/2017\/11\/20171031_155735-1500-400x400.jpg\" width=\"400\" height=\"400\" alt=\"Toll was die M\u00e4dels f\u00fcr Kost\u00fcme gebaut haben.\" srcset=\"https:\/\/wpkcs.karnevalsverein-sacro.de\/wp-content\/uploads\/2017\/11\/20171031_155735-1500-400x400.jpg 400w, https:\/\/wpkcs.karnevalsverein-sacro.de\/wp-content\/uploads\/2017\/11\/20171031_155735-1500-230x230.jpg 230w, https:\/\/wpkcs.karnevalsverein-sacro.de\/wp-content\/uploads\/2017\/11\/20171031_155735-1500-280x280.jpg 280w, https:\/\/wpkcs.karnevalsverein-sacro.de\/wp-content\/uploads\/2017\/11\/20171031_155735-1500-560x560.jpg 560w, https:\/\/wpkcs.karnevalsverein-sacro.de\/wp-content\/uploads\/2017\/11\/20171031_155735-1500-800x800.jpg 800w\" sizes=\"auto, (max-width: 400px) 100vw, 400px\" class=\"light-dropshaddow\"\/><\/a><\/div><\/div><div class=\"tcol-lg-4 tcol-md-4 tcol-sm-4 tcol-xs-6 tcol-ss-12 g_item\"><div class=\"grid_item kad_gallery_fade_in gallery_item\"><a href=\"https:\/\/wpkcs.karnevalsverein-sacro.de\/wp-content\/uploads\/2017\/11\/20171103_194730-1500.jpg\" data-rel=\"lightbox\" class=\"lightboxhover\"><img loading=\"lazy\" decoding=\"async\" src=\"https:\/\/wpkcs.karnevalsverein-sacro.de\/wp-content\/uploads\/2017\/11\/20171103_194730-1500-400x400.jpg\" width=\"400\" height=\"400\" alt=\"Piccolinas beim Training.\" srcset=\"https:\/\/wpkcs.karnevalsverein-sacro.de\/wp-content\/uploads\/2017\/11\/20171103_194730-1500-400x400.jpg 400w, https:\/\/wpkcs.karnevalsverein-sacro.de\/wp-content\/uploads\/2017\/11\/20171103_194730-1500-230x230.jpg 230w, https:\/\/wpkcs.karnevalsverein-sacro.de\/wp-content\/uploads\/2017\/11\/20171103_194730-1500-280x280.jpg 280w, https:\/\/wpkcs.karnevalsverein-sacro.de\/wp-content\/uploads\/2017\/11\/20171103_194730-1500-560x560.jpg 560w, https:\/\/wpkcs.karnevalsverein-sacro.de\/wp-content\/uploads\/2017\/11\/20171103_194730-1500-800x800.jpg 800w\" sizes=\"auto, (max-width: 400px) 100vw, 400px\" class=\"light-dropshaddow\"\/><\/a><\/div><\/div><div class=\"tcol-lg-4 tcol-md-4 tcol-sm-4 tcol-xs-6 tcol-ss-12 g_item\"><div class=\"grid_item kad_gallery_fade_in gallery_item\"><a href=\"https:\/\/wpkcs.karnevalsverein-sacro.de\/wp-content\/uploads\/2017\/11\/20171103_202225-1500.jpg\" data-rel=\"lightbox\" class=\"lightboxhover\"><img loading=\"lazy\" decoding=\"async\" src=\"https:\/\/wpkcs.karnevalsverein-sacro.de\/wp-content\/uploads\/2017\/11\/20171103_202225-1500-400x400.jpg\" width=\"400\" height=\"400\" alt=\"M\u00e4nnerballett beim Training. Vorher wurde noch der Gardetanz ge\u00fcbt. Ganz sch\u00f6nes Pensum f\u00fcr unsere M\u00e4nner.\" srcset=\"https:\/\/wpkcs.karnevalsverein-sacro.de\/wp-content\/uploads\/2017\/11\/20171103_202225-1500-400x400.jpg 400w, https:\/\/wpkcs.karnevalsverein-sacro.de\/wp-content\/uploads\/2017\/11\/20171103_202225-1500-230x230.jpg 230w, https:\/\/wpkcs.karnevalsverein-sacro.de\/wp-content\/uploads\/2017\/11\/20171103_202225-1500-280x280.jpg 280w, https:\/\/wpkcs.karnevalsverein-sacro.de\/wp-content\/uploads\/2017\/11\/20171103_202225-1500-560x560.jpg 560w, https:\/\/wpkcs.karnevalsverein-sacro.de\/wp-content\/uploads\/2017\/11\/20171103_202225-1500-800x800.jpg 800w\" sizes=\"auto, (max-width: 400px) 100vw, 400px\" class=\"light-dropshaddow\"\/><\/a><\/div><\/div><\/div>\n<h5>Die kleinsten des Vereins, unsere Minifunken, haben ihre Premiere am 11.11. Vormittag ab 11 Uhr in der Stadt auf dem Max-Seydewitz-Platz zum Karnevauftakt. Sonst bereichern sie unser Nachmittagsprogramm mit ihrem &#8222;Zwergenmarsch&#8220;<\/h5>\n<div id=\"kad-wp-gallery84\" class=\"kad-wp-gallery kad-light-wp-gallery clearfix kt-gallery-column-3 rowtight\"><div class=\"tcol-lg-4 tcol-md-4 tcol-sm-4 tcol-xs-6 tcol-ss-12 g_item\"><div class=\"grid_item kad_gallery_fade_in gallery_item\"><a href=\"https:\/\/wpkcs.karnevalsverein-sacro.de\/wp-content\/uploads\/2017\/11\/IMG-20171026-WA0002.jpg\" data-rel=\"lightbox\" class=\"lightboxhover\"><img loading=\"lazy\" decoding=\"async\" src=\"https:\/\/wpkcs.karnevalsverein-sacro.de\/wp-content\/uploads\/2017\/11\/IMG-20171026-WA0002-400x400.jpg\" width=\"400\" height=\"400\" alt=\"Die Minis sind zwischen 5-7 Jahre alt.\" srcset=\"https:\/\/wpkcs.karnevalsverein-sacro.de\/wp-content\/uploads\/2017\/11\/IMG-20171026-WA0002-400x400.jpg 400w, https:\/\/wpkcs.karnevalsverein-sacro.de\/wp-content\/uploads\/2017\/11\/IMG-20171026-WA0002-230x230.jpg 230w, https:\/\/wpkcs.karnevalsverein-sacro.de\/wp-content\/uploads\/2017\/11\/IMG-20171026-WA0002-280x280.jpg 280w, https:\/\/wpkcs.karnevalsverein-sacro.de\/wp-content\/uploads\/2017\/11\/IMG-20171026-WA0002-560x560.jpg 560w, https:\/\/wpkcs.karnevalsverein-sacro.de\/wp-content\/uploads\/2017\/11\/IMG-20171026-WA0002-800x800.jpg 800w\" sizes=\"auto, (max-width: 400px) 100vw, 400px\" class=\"light-dropshaddow\"\/><\/a><\/div><\/div><div class=\"tcol-lg-4 tcol-md-4 tcol-sm-4 tcol-xs-6 tcol-ss-12 g_item\"><div class=\"grid_item kad_gallery_fade_in gallery_item\"><a href=\"https:\/\/wpkcs.karnevalsverein-sacro.de\/wp-content\/uploads\/2017\/11\/IMG-20171026-WA0001.jpg\" data-rel=\"lightbox\" class=\"lightboxhover\"><img loading=\"lazy\" decoding=\"async\" src=\"https:\/\/wpkcs.karnevalsverein-sacro.de\/wp-content\/uploads\/2017\/11\/IMG-20171026-WA0001-400x400.jpg\" width=\"400\" height=\"400\" alt=\"Sie sind alle dieses Jahr neu bei uns.\" srcset=\"https:\/\/wpkcs.karnevalsverein-sacro.de\/wp-content\/uploads\/2017\/11\/IMG-20171026-WA0001-400x400.jpg 400w, https:\/\/wpkcs.karnevalsverein-sacro.de\/wp-content\/uploads\/2017\/11\/IMG-20171026-WA0001-230x230.jpg 230w, https:\/\/wpkcs.karnevalsverein-sacro.de\/wp-content\/uploads\/2017\/11\/IMG-20171026-WA0001-280x280.jpg 280w, https:\/\/wpkcs.karnevalsverein-sacro.de\/wp-content\/uploads\/2017\/11\/IMG-20171026-WA0001-560x560.jpg 560w, https:\/\/wpkcs.karnevalsverein-sacro.de\/wp-content\/uploads\/2017\/11\/IMG-20171026-WA0001-800x800.jpg 800w\" sizes=\"auto, (max-width: 400px) 100vw, 400px\" class=\"light-dropshaddow\"\/><\/a><\/div><\/div><div class=\"tcol-lg-4 tcol-md-4 tcol-sm-4 tcol-xs-6 tcol-ss-12 g_item\"><div class=\"grid_item kad_gallery_fade_in gallery_item\"><a href=\"https:\/\/wpkcs.karnevalsverein-sacro.de\/wp-content\/uploads\/2017\/11\/IMG-20171026-WA0000.jpg\" data-rel=\"lightbox\" class=\"lightboxhover\"><img loading=\"lazy\" decoding=\"async\" src=\"https:\/\/wpkcs.karnevalsverein-sacro.de\/wp-content\/uploads\/2017\/11\/IMG-20171026-WA0000-400x400.jpg\" width=\"400\" height=\"400\" alt=\"Nur ein paar Jungs fehlen  uns noch.\" srcset=\"https:\/\/wpkcs.karnevalsverein-sacro.de\/wp-content\/uploads\/2017\/11\/IMG-20171026-WA0000-400x400.jpg 400w, https:\/\/wpkcs.karnevalsverein-sacro.de\/wp-content\/uploads\/2017\/11\/IMG-20171026-WA0000-230x230.jpg 230w, https:\/\/wpkcs.karnevalsverein-sacro.de\/wp-content\/uploads\/2017\/11\/IMG-20171026-WA0000-280x280.jpg 280w, https:\/\/wpkcs.karnevalsverein-sacro.de\/wp-content\/uploads\/2017\/11\/IMG-20171026-WA0000-560x560.jpg 560w, https:\/\/wpkcs.karnevalsverein-sacro.de\/wp-content\/uploads\/2017\/11\/IMG-20171026-WA0000-800x800.jpg 800w\" sizes=\"auto, (max-width: 400px) 100vw, 400px\" class=\"light-dropshaddow\"\/><\/a><\/div><\/div><div class=\"tcol-lg-4 tcol-md-4 tcol-sm-4 tcol-xs-6 tcol-ss-12 g_item\"><div class=\"grid_item kad_gallery_fade_in gallery_item\"><a href=\"https:\/\/wpkcs.karnevalsverein-sacro.de\/wp-content\/uploads\/2017\/11\/IMG-20171026-WA0003.jpg\" data-rel=\"lightbox\" class=\"lightboxhover\"><img loading=\"lazy\" decoding=\"async\" src=\"https:\/\/wpkcs.karnevalsverein-sacro.de\/wp-content\/uploads\/2017\/11\/IMG-20171026-WA0003-400x400.jpg\" width=\"400\" height=\"400\" alt=\"Kleine Generalprobe der Minifunken mit Zuschauern bei ihrem letzten gro\u00dfen Training.\" srcset=\"https:\/\/wpkcs.karnevalsverein-sacro.de\/wp-content\/uploads\/2017\/11\/IMG-20171026-WA0003-400x400.jpg 400w, https:\/\/wpkcs.karnevalsverein-sacro.de\/wp-content\/uploads\/2017\/11\/IMG-20171026-WA0003-230x230.jpg 230w, https:\/\/wpkcs.karnevalsverein-sacro.de\/wp-content\/uploads\/2017\/11\/IMG-20171026-WA0003-280x280.jpg 280w, https:\/\/wpkcs.karnevalsverein-sacro.de\/wp-content\/uploads\/2017\/11\/IMG-20171026-WA0003-560x560.jpg 560w, https:\/\/wpkcs.karnevalsverein-sacro.de\/wp-content\/uploads\/2017\/11\/IMG-20171026-WA0003-800x800.jpg 800w\" sizes=\"auto, (max-width: 400px) 100vw, 400px\" class=\"light-dropshaddow\"\/><\/a><\/div><\/div><\/div>\n<h5>Unsere 24 Kinderfunken trainieren hart f\u00fcr ihren Funkentanz. Sie sind\u00a0 in unserem Nachmittag und Abendprogramm zu sehen.<\/h5>\n<p>&nbsp;<\/p>\n<div id=\"kad-wp-gallery63\" class=\"kad-wp-gallery kad-light-wp-gallery clearfix kt-gallery-column-3 rowtight\"><div class=\"tcol-lg-4 tcol-md-4 tcol-sm-4 tcol-xs-6 tcol-ss-12 g_item\"><div class=\"grid_item kad_gallery_fade_in gallery_item\"><a href=\"https:\/\/wpkcs.karnevalsverein-sacro.de\/wp-content\/uploads\/2017\/11\/IMG-20171026-WA0004.jpg\" data-rel=\"lightbox\" class=\"lightboxhover\"><img loading=\"lazy\" decoding=\"async\" src=\"https:\/\/wpkcs.karnevalsverein-sacro.de\/wp-content\/uploads\/2017\/11\/IMG-20171026-WA0004-400x400.jpg\" width=\"400\" height=\"400\" alt=\"Probe eine der zwei Hebefiguren.\" srcset=\"https:\/\/wpkcs.karnevalsverein-sacro.de\/wp-content\/uploads\/2017\/11\/IMG-20171026-WA0004-400x400.jpg 400w, https:\/\/wpkcs.karnevalsverein-sacro.de\/wp-content\/uploads\/2017\/11\/IMG-20171026-WA0004-230x230.jpg 230w, https:\/\/wpkcs.karnevalsverein-sacro.de\/wp-content\/uploads\/2017\/11\/IMG-20171026-WA0004-280x280.jpg 280w, https:\/\/wpkcs.karnevalsverein-sacro.de\/wp-content\/uploads\/2017\/11\/IMG-20171026-WA0004-560x560.jpg 560w, https:\/\/wpkcs.karnevalsverein-sacro.de\/wp-content\/uploads\/2017\/11\/IMG-20171026-WA0004-800x800.jpg 800w\" sizes=\"auto, (max-width: 400px) 100vw, 400px\" class=\"light-dropshaddow\"\/><\/a><\/div><\/div><div class=\"tcol-lg-4 tcol-md-4 tcol-sm-4 tcol-xs-6 tcol-ss-12 g_item\"><div class=\"grid_item kad_gallery_fade_in gallery_item\"><a href=\"https:\/\/wpkcs.karnevalsverein-sacro.de\/wp-content\/uploads\/2017\/11\/IMG-20171026-WA0005.jpg\" data-rel=\"lightbox\" class=\"lightboxhover\"><img loading=\"lazy\" decoding=\"async\" src=\"https:\/\/wpkcs.karnevalsverein-sacro.de\/wp-content\/uploads\/2017\/11\/IMG-20171026-WA0005-400x400.jpg\" width=\"400\" height=\"400\" alt=\"Der KCS ist sehr stolz auf seinen Nachwuchs.\" srcset=\"https:\/\/wpkcs.karnevalsverein-sacro.de\/wp-content\/uploads\/2017\/11\/IMG-20171026-WA0005-400x400.jpg 400w, https:\/\/wpkcs.karnevalsverein-sacro.de\/wp-content\/uploads\/2017\/11\/IMG-20171026-WA0005-230x230.jpg 230w, https:\/\/wpkcs.karnevalsverein-sacro.de\/wp-content\/uploads\/2017\/11\/IMG-20171026-WA0005-280x280.jpg 280w, https:\/\/wpkcs.karnevalsverein-sacro.de\/wp-content\/uploads\/2017\/11\/IMG-20171026-WA0005-560x560.jpg 560w, https:\/\/wpkcs.karnevalsverein-sacro.de\/wp-content\/uploads\/2017\/11\/IMG-20171026-WA0005-800x800.jpg 800w\" sizes=\"auto, (max-width: 400px) 100vw, 400px\" class=\"light-dropshaddow\"\/><\/a><\/div><\/div><div class=\"tcol-lg-4 tcol-md-4 tcol-sm-4 tcol-xs-6 tcol-ss-12 g_item\"><div class=\"grid_item kad_gallery_fade_in gallery_item\"><a href=\"https:\/\/wpkcs.karnevalsverein-sacro.de\/wp-content\/uploads\/2017\/11\/IMG-20171026-WA0006.jpg\" data-rel=\"lightbox\" class=\"lightboxhover\"><img loading=\"lazy\" decoding=\"async\" src=\"https:\/\/wpkcs.karnevalsverein-sacro.de\/wp-content\/uploads\/2017\/11\/IMG-20171026-WA0006-400x400.jpg\" width=\"400\" height=\"400\" alt=\"\" srcset=\"https:\/\/wpkcs.karnevalsverein-sacro.de\/wp-content\/uploads\/2017\/11\/IMG-20171026-WA0006-400x400.jpg 400w, https:\/\/wpkcs.karnevalsverein-sacro.de\/wp-content\/uploads\/2017\/11\/IMG-20171026-WA0006-230x230.jpg 230w, https:\/\/wpkcs.karnevalsverein-sacro.de\/wp-content\/uploads\/2017\/11\/IMG-20171026-WA0006-280x280.jpg 280w, https:\/\/wpkcs.karnevalsverein-sacro.de\/wp-content\/uploads\/2017\/11\/IMG-20171026-WA0006-560x560.jpg 560w, https:\/\/wpkcs.karnevalsverein-sacro.de\/wp-content\/uploads\/2017\/11\/IMG-20171026-WA0006-800x800.jpg 800w\" sizes=\"auto, (max-width: 400px) 100vw, 400px\" class=\"light-dropshaddow\"\/><\/a><\/div><\/div><div class=\"tcol-lg-4 tcol-md-4 tcol-sm-4 tcol-xs-6 tcol-ss-12 g_item\"><div class=\"grid_item kad_gallery_fade_in gallery_item\"><a href=\"https:\/\/wpkcs.karnevalsverein-sacro.de\/wp-content\/uploads\/2017\/11\/IMG-20171026-WA0007.jpg\" data-rel=\"lightbox\" class=\"lightboxhover\"><img loading=\"lazy\" decoding=\"async\" src=\"https:\/\/wpkcs.karnevalsverein-sacro.de\/wp-content\/uploads\/2017\/11\/IMG-20171026-WA0007-400x400.jpg\" width=\"400\" height=\"400\" alt=\"\" srcset=\"https:\/\/wpkcs.karnevalsverein-sacro.de\/wp-content\/uploads\/2017\/11\/IMG-20171026-WA0007-400x400.jpg 400w, https:\/\/wpkcs.karnevalsverein-sacro.de\/wp-content\/uploads\/2017\/11\/IMG-20171026-WA0007-230x230.jpg 230w, https:\/\/wpkcs.karnevalsverein-sacro.de\/wp-content\/uploads\/2017\/11\/IMG-20171026-WA0007-280x280.jpg 280w, https:\/\/wpkcs.karnevalsverein-sacro.de\/wp-content\/uploads\/2017\/11\/IMG-20171026-WA0007-560x560.jpg 560w, https:\/\/wpkcs.karnevalsverein-sacro.de\/wp-content\/uploads\/2017\/11\/IMG-20171026-WA0007-800x800.jpg 800w\" sizes=\"auto, (max-width: 400px) 100vw, 400px\" class=\"light-dropshaddow\"\/><\/a><\/div><\/div><\/div>\n<p>&nbsp;<\/p>\n","protected":false},"excerpt":{"rendered":"<p>Nur noch wenige Tage bis es wieder durch Forschtes Stra\u00dfen schallt &#8222;Foschte Helau!!!&#8220; &nbsp; Heute war Generalprobe. Unsere G\u00e4ste k\u00f6nnen sich auf ein buntes abwechslungsreiches und lustiges Programm freuen. Impressionen der letzten Wochen&#8230; Viele Tage und N\u00e4chte wurde gebastelt, gebaut&hellip; <\/p>\n","protected":false},"author":1,"featured_media":7698,"comment_status":"open","ping_status":"open","sticky":false,"template":"","format":"standard","meta":{"pgc_meta":"","footnotes":""},"categories":[3],"tags":[],"class_list":["post-7664","post","type-post","status-publish","format-standard","has-post-thumbnail","hentry","category-news-blog"],"rttpg_featured_image_url":{"full":["https:\/\/wpkcs.karnevalsverein-sacro.de\/wp-content\/uploads\/2017\/11\/20171103_200145-1500-titelbild-web-post1.jpg",1500,1125,false],"landscape":["https:\/\/wpkcs.karnevalsverein-sacro.de\/wp-content\/uploads\/2017\/11\/20171103_200145-1500-titelbild-web-post1.jpg",1500,1125,false],"portraits":["https:\/\/wpkcs.karnevalsverein-sacro.de\/wp-content\/uploads\/2017\/11\/20171103_200145-1500-titelbild-web-post1.jpg",1500,1125,false],"thumbnail":["https:\/\/wpkcs.karnevalsverein-sacro.de\/wp-content\/uploads\/2017\/11\/20171103_200145-1500-titelbild-web-post1-150x112.jpg",150,112,true],"medium":["https:\/\/wpkcs.karnevalsverein-sacro.de\/wp-content\/uploads\/2017\/11\/20171103_200145-1500-titelbild-web-post1-400x300.jpg",400,300,true],"large":["https:\/\/wpkcs.karnevalsverein-sacro.de\/wp-content\/uploads\/2017\/11\/20171103_200145-1500-titelbild-web-post1-800x600.jpg",700,525,true],"1536x1536":["https:\/\/wpkcs.karnevalsverein-sacro.de\/wp-content\/uploads\/2017\/11\/20171103_200145-1500-titelbild-web-post1.jpg",1500,1125,false],"2048x2048":["https:\/\/wpkcs.karnevalsverein-sacro.de\/wp-content\/uploads\/2017\/11\/20171103_200145-1500-titelbild-web-post1.jpg",1500,1125,false],"travelify-featured":["https:\/\/wpkcs.karnevalsverein-sacro.de\/wp-content\/uploads\/2017\/11\/20171103_200145-1500-titelbild-web-post1.jpg",400,300,false],"travelify-featured-medium":["https:\/\/wpkcs.karnevalsverein-sacro.de\/wp-content\/uploads\/2017\/11\/20171103_200145-1500-titelbild-web-post1.jpg",230,173,false],"travelify-slider":["https:\/\/wpkcs.karnevalsverein-sacro.de\/wp-content\/uploads\/2017\/11\/20171103_200145-1500-titelbild-web-post1.jpg",613,460,false],"travelify-gallery":["https:\/\/wpkcs.karnevalsverein-sacro.de\/wp-content\/uploads\/2017\/11\/20171103_200145-1500-titelbild-web-post1.jpg",456,342,false]},"rttpg_author":{"display_name":"KCS 1979 e.V. admin","author_link":"https:\/\/wpkcs.karnevalsverein-sacro.de\/?author=1"},"rttpg_comment":0,"rttpg_category":"<a href=\"https:\/\/wpkcs.karnevalsverein-sacro.de\/?cat=3\" rel=\"category\">KCS aktuell...<\/a>","rttpg_excerpt":"Nur noch wenige Tage bis es wieder durch Forschtes Stra\u00dfen schallt &#8222;Foschte Helau!!!&#8220; &nbsp; Heute war Generalprobe. Unsere G\u00e4ste k\u00f6nnen sich auf ein buntes abwechslungsreiches und lustiges Programm freuen. Impressionen der letzten Wochen&#8230; Viele Tage und N\u00e4chte wurde gebastelt, gebaut&hellip;","_links":{"self":[{"href":"https:\/\/wpkcs.karnevalsverein-sacro.de\/index.php?rest_route=\/wp\/v2\/posts\/7664","targetHints":{"allow":["GET"]}}],"collection":[{"href":"https:\/\/wpkcs.karnevalsverein-sacro.de\/index.php?rest_route=\/wp\/v2\/posts"}],"about":[{"href":"https:\/\/wpkcs.karnevalsverein-sacro.de\/index.php?rest_route=\/wp\/v2\/types\/post"}],"author":[{"embeddable":true,"href":"https:\/\/wpkcs.karnevalsverein-sacro.de\/index.php?rest_route=\/wp\/v2\/users\/1"}],"replies":[{"embeddable":true,"href":"https:\/\/wpkcs.karnevalsverein-sacro.de\/index.php?rest_route=%2Fwp%2Fv2%2Fcomments&post=7664"}],"version-history":[{"count":11,"href":"https:\/\/wpkcs.karnevalsverein-sacro.de\/index.php?rest_route=\/wp\/v2\/posts\/7664\/revisions"}],"predecessor-version":[{"id":7703,"href":"https:\/\/wpkcs.karnevalsverein-sacro.de\/index.php?rest_route=\/wp\/v2\/posts\/7664\/revisions\/7703"}],"wp:featuredmedia":[{"embeddable":true,"href":"https:\/\/wpkcs.karnevalsverein-sacro.de\/index.php?rest_route=\/wp\/v2\/media\/7698"}],"wp:attachment":[{"href":"https:\/\/wpkcs.karnevalsverein-sacro.de\/index.php?rest_route=%2Fwp%2Fv2%2Fmedia&parent=7664"}],"wp:term":[{"taxonomy":"category","embeddable":true,"href":"https:\/\/wpkcs.karnevalsverein-sacro.de\/index.php?rest_route=%2Fwp%2Fv2%2Fcategories&post=7664"},{"taxonomy":"post_tag","embeddable":true,"href":"https:\/\/wpkcs.karnevalsverein-sacro.de\/index.php?rest_route=%2Fwp%2Fv2%2Ftags&post=7664"}],"curies":[{"name":"wp","href":"https:\/\/api.w.org\/{rel}","templated":true}]}}