{"id":7630,"date":"2017-10-03T09:18:32","date_gmt":"2017-10-03T07:18:32","guid":{"rendered":"http:\/\/wpkcs.karnevalsverein-sacro.de\/?p=7630"},"modified":"2017-10-03T18:26:02","modified_gmt":"2017-10-03T16:26:02","slug":"farbe-und-frohsinn-im-schaufenster","status":"publish","type":"post","link":"https:\/\/wpkcs.karnevalsverein-sacro.de\/?p=7630","title":{"rendered":"Farbe und Frohsinn im Schaufenster"},"content":{"rendered":"<p style=\"text-align: justify;\">Es ist erneut Farbe und Frohsinn in das Schaufenster Berliner Stra\u00dfe 11 gezogen. Beim Mitternachtsshopping konnten sich die Besucher dort vom Enthusiasmus der Forster Karnevalisten mitrei\u00dfen lassen.<\/p>\n<p style=\"text-align: justify;\">Nun haben sie einen kleinen Spa\u00df vorbereitet.<\/p>\n<p style=\"text-align: justify;\">Ab 30.September wird am Schaufenster einmal pro Woche, immer montags, eine Ver\u00e4nderung vorgenommen.<\/p>\n<p style=\"text-align: justify;\">Wenn Sie diese finden, lassen Sie es die Narren wissen. Wie? Indem Sie bei Reiseland Forst, Berliner Str. 17 \u00a0 Ihre Entdeckung und Ihre Anschrift auf einen Zettel schreiben und abgeben. Einmal pro Woche werden daraus\u00a0 2 Freikarten f\u00fcr die Karnevalsveranstaltungen am 11.11. und 18.11. im Gasthaus Sacro verlost.<\/p>\n<p>Die Aktion endet am 30.Oktober 2017<\/p>\n<p>Viel Spa\u00df und Forschte Helau.<\/p>\n<p>&nbsp;<\/p>\n<p>Hier noch ein paar Eindr\u00fccke vom Mitternachtshopping&#8230;<\/p>\n<p>Ein gro\u00dfes Dankesch\u00f6n an alle flei\u00dfigen Helfer!<\/p>\n<div id=\"kad-wp-gallery21\" class=\"kad-wp-gallery kad-light-wp-gallery clearfix kt-gallery-column-3 rowtight\"><div class=\"tcol-lg-4 tcol-md-4 tcol-sm-4 tcol-xs-6 tcol-ss-12 g_item\"><div class=\"grid_item kad_gallery_fade_in gallery_item\"><a href=\"https:\/\/wpkcs.karnevalsverein-sacro.de\/wp-content\/uploads\/2017\/10\/DSC03946-1500.jpg\" data-rel=\"lightbox\" class=\"lightboxhover\"><img loading=\"lazy\" decoding=\"async\" src=\"https:\/\/wpkcs.karnevalsverein-sacro.de\/wp-content\/uploads\/2017\/10\/DSC03946-1500-400x400.jpg\" width=\"400\" height=\"400\" alt=\"\" srcset=\"https:\/\/wpkcs.karnevalsverein-sacro.de\/wp-content\/uploads\/2017\/10\/DSC03946-1500-400x400.jpg 400w, https:\/\/wpkcs.karnevalsverein-sacro.de\/wp-content\/uploads\/2017\/10\/DSC03946-1500-230x230.jpg 230w, https:\/\/wpkcs.karnevalsverein-sacro.de\/wp-content\/uploads\/2017\/10\/DSC03946-1500-280x280.jpg 280w, https:\/\/wpkcs.karnevalsverein-sacro.de\/wp-content\/uploads\/2017\/10\/DSC03946-1500-560x560.jpg 560w, https:\/\/wpkcs.karnevalsverein-sacro.de\/wp-content\/uploads\/2017\/10\/DSC03946-1500-800x800.jpg 800w\" sizes=\"auto, (max-width: 400px) 100vw, 400px\" class=\"light-dropshaddow\"\/><\/a><\/div><\/div><div class=\"tcol-lg-4 tcol-md-4 tcol-sm-4 tcol-xs-6 tcol-ss-12 g_item\"><div class=\"grid_item kad_gallery_fade_in gallery_item\"><a href=\"https:\/\/wpkcs.karnevalsverein-sacro.de\/wp-content\/uploads\/2017\/10\/DSC03983-1500.jpg\" data-rel=\"lightbox\" class=\"lightboxhover\"><img loading=\"lazy\" decoding=\"async\" src=\"https:\/\/wpkcs.karnevalsverein-sacro.de\/wp-content\/uploads\/2017\/10\/DSC03983-1500-400x400.jpg\" width=\"400\" height=\"400\" alt=\"\" srcset=\"https:\/\/wpkcs.karnevalsverein-sacro.de\/wp-content\/uploads\/2017\/10\/DSC03983-1500-400x400.jpg 400w, https:\/\/wpkcs.karnevalsverein-sacro.de\/wp-content\/uploads\/2017\/10\/DSC03983-1500-230x230.jpg 230w, https:\/\/wpkcs.karnevalsverein-sacro.de\/wp-content\/uploads\/2017\/10\/DSC03983-1500-280x280.jpg 280w, https:\/\/wpkcs.karnevalsverein-sacro.de\/wp-content\/uploads\/2017\/10\/DSC03983-1500-560x560.jpg 560w, https:\/\/wpkcs.karnevalsverein-sacro.de\/wp-content\/uploads\/2017\/10\/DSC03983-1500-800x800.jpg 800w\" sizes=\"auto, (max-width: 400px) 100vw, 400px\" class=\"light-dropshaddow\"\/><\/a><\/div><\/div><div class=\"tcol-lg-4 tcol-md-4 tcol-sm-4 tcol-xs-6 tcol-ss-12 g_item\"><div class=\"grid_item kad_gallery_fade_in gallery_item\"><a href=\"https:\/\/wpkcs.karnevalsverein-sacro.de\/wp-content\/uploads\/2017\/10\/DSC04040-1500.jpg\" data-rel=\"lightbox\" class=\"lightboxhover\"><img loading=\"lazy\" decoding=\"async\" src=\"https:\/\/wpkcs.karnevalsverein-sacro.de\/wp-content\/uploads\/2017\/10\/DSC04040-1500-400x400.jpg\" width=\"400\" height=\"400\" alt=\"\" srcset=\"https:\/\/wpkcs.karnevalsverein-sacro.de\/wp-content\/uploads\/2017\/10\/DSC04040-1500-400x400.jpg 400w, https:\/\/wpkcs.karnevalsverein-sacro.de\/wp-content\/uploads\/2017\/10\/DSC04040-1500-230x230.jpg 230w, https:\/\/wpkcs.karnevalsverein-sacro.de\/wp-content\/uploads\/2017\/10\/DSC04040-1500-280x280.jpg 280w, https:\/\/wpkcs.karnevalsverein-sacro.de\/wp-content\/uploads\/2017\/10\/DSC04040-1500-560x560.jpg 560w, https:\/\/wpkcs.karnevalsverein-sacro.de\/wp-content\/uploads\/2017\/10\/DSC04040-1500-800x800.jpg 800w\" sizes=\"auto, (max-width: 400px) 100vw, 400px\" class=\"light-dropshaddow\"\/><\/a><\/div><\/div><div class=\"tcol-lg-4 tcol-md-4 tcol-sm-4 tcol-xs-6 tcol-ss-12 g_item\"><div class=\"grid_item kad_gallery_fade_in gallery_item\"><a href=\"https:\/\/wpkcs.karnevalsverein-sacro.de\/wp-content\/uploads\/2017\/10\/DSC03955-1500.jpg\" data-rel=\"lightbox\" class=\"lightboxhover\"><img loading=\"lazy\" decoding=\"async\" src=\"https:\/\/wpkcs.karnevalsverein-sacro.de\/wp-content\/uploads\/2017\/10\/DSC03955-1500-400x400.jpg\" width=\"400\" height=\"400\" alt=\"\" srcset=\"https:\/\/wpkcs.karnevalsverein-sacro.de\/wp-content\/uploads\/2017\/10\/DSC03955-1500-400x400.jpg 400w, https:\/\/wpkcs.karnevalsverein-sacro.de\/wp-content\/uploads\/2017\/10\/DSC03955-1500-230x230.jpg 230w, https:\/\/wpkcs.karnevalsverein-sacro.de\/wp-content\/uploads\/2017\/10\/DSC03955-1500-280x280.jpg 280w, https:\/\/wpkcs.karnevalsverein-sacro.de\/wp-content\/uploads\/2017\/10\/DSC03955-1500-560x560.jpg 560w, https:\/\/wpkcs.karnevalsverein-sacro.de\/wp-content\/uploads\/2017\/10\/DSC03955-1500-800x800.jpg 800w\" sizes=\"auto, (max-width: 400px) 100vw, 400px\" class=\"light-dropshaddow\"\/><\/a><\/div><\/div><div class=\"tcol-lg-4 tcol-md-4 tcol-sm-4 tcol-xs-6 tcol-ss-12 g_item\"><div class=\"grid_item kad_gallery_fade_in gallery_item\"><a href=\"https:\/\/wpkcs.karnevalsverein-sacro.de\/wp-content\/uploads\/2017\/10\/DSC03978-1500.jpg\" data-rel=\"lightbox\" class=\"lightboxhover\"><img loading=\"lazy\" decoding=\"async\" src=\"https:\/\/wpkcs.karnevalsverein-sacro.de\/wp-content\/uploads\/2017\/10\/DSC03978-1500-400x400.jpg\" width=\"400\" height=\"400\" alt=\"\" srcset=\"https:\/\/wpkcs.karnevalsverein-sacro.de\/wp-content\/uploads\/2017\/10\/DSC03978-1500-400x400.jpg 400w, https:\/\/wpkcs.karnevalsverein-sacro.de\/wp-content\/uploads\/2017\/10\/DSC03978-1500-230x230.jpg 230w, https:\/\/wpkcs.karnevalsverein-sacro.de\/wp-content\/uploads\/2017\/10\/DSC03978-1500-280x280.jpg 280w, https:\/\/wpkcs.karnevalsverein-sacro.de\/wp-content\/uploads\/2017\/10\/DSC03978-1500-560x560.jpg 560w, https:\/\/wpkcs.karnevalsverein-sacro.de\/wp-content\/uploads\/2017\/10\/DSC03978-1500-800x800.jpg 800w\" sizes=\"auto, (max-width: 400px) 100vw, 400px\" class=\"light-dropshaddow\"\/><\/a><\/div><\/div><div class=\"tcol-lg-4 tcol-md-4 tcol-sm-4 tcol-xs-6 tcol-ss-12 g_item\"><div class=\"grid_item kad_gallery_fade_in gallery_item\"><a href=\"https:\/\/wpkcs.karnevalsverein-sacro.de\/wp-content\/uploads\/2017\/10\/DSC03977-1500.jpg\" data-rel=\"lightbox\" class=\"lightboxhover\"><img loading=\"lazy\" decoding=\"async\" src=\"https:\/\/wpkcs.karnevalsverein-sacro.de\/wp-content\/uploads\/2017\/10\/DSC03977-1500-400x400.jpg\" width=\"400\" height=\"400\" alt=\"\" srcset=\"https:\/\/wpkcs.karnevalsverein-sacro.de\/wp-content\/uploads\/2017\/10\/DSC03977-1500-400x400.jpg 400w, https:\/\/wpkcs.karnevalsverein-sacro.de\/wp-content\/uploads\/2017\/10\/DSC03977-1500-230x230.jpg 230w, https:\/\/wpkcs.karnevalsverein-sacro.de\/wp-content\/uploads\/2017\/10\/DSC03977-1500-280x280.jpg 280w, https:\/\/wpkcs.karnevalsverein-sacro.de\/wp-content\/uploads\/2017\/10\/DSC03977-1500-560x560.jpg 560w, https:\/\/wpkcs.karnevalsverein-sacro.de\/wp-content\/uploads\/2017\/10\/DSC03977-1500-800x800.jpg 800w\" sizes=\"auto, (max-width: 400px) 100vw, 400px\" class=\"light-dropshaddow\"\/><\/a><\/div><\/div><div class=\"tcol-lg-4 tcol-md-4 tcol-sm-4 tcol-xs-6 tcol-ss-12 g_item\"><div class=\"grid_item kad_gallery_fade_in gallery_item\"><a href=\"https:\/\/wpkcs.karnevalsverein-sacro.de\/wp-content\/uploads\/2017\/10\/DSC03988-1500.jpg\" data-rel=\"lightbox\" class=\"lightboxhover\"><img loading=\"lazy\" decoding=\"async\" src=\"https:\/\/wpkcs.karnevalsverein-sacro.de\/wp-content\/uploads\/2017\/10\/DSC03988-1500-400x400.jpg\" width=\"400\" height=\"400\" alt=\"\" srcset=\"https:\/\/wpkcs.karnevalsverein-sacro.de\/wp-content\/uploads\/2017\/10\/DSC03988-1500-400x400.jpg 400w, https:\/\/wpkcs.karnevalsverein-sacro.de\/wp-content\/uploads\/2017\/10\/DSC03988-1500-230x230.jpg 230w, https:\/\/wpkcs.karnevalsverein-sacro.de\/wp-content\/uploads\/2017\/10\/DSC03988-1500-280x280.jpg 280w, https:\/\/wpkcs.karnevalsverein-sacro.de\/wp-content\/uploads\/2017\/10\/DSC03988-1500-560x560.jpg 560w, https:\/\/wpkcs.karnevalsverein-sacro.de\/wp-content\/uploads\/2017\/10\/DSC03988-1500-800x800.jpg 800w\" sizes=\"auto, (max-width: 400px) 100vw, 400px\" class=\"light-dropshaddow\"\/><\/a><\/div><\/div><div class=\"tcol-lg-4 tcol-md-4 tcol-sm-4 tcol-xs-6 tcol-ss-12 g_item\"><div class=\"grid_item kad_gallery_fade_in gallery_item\"><a href=\"https:\/\/wpkcs.karnevalsverein-sacro.de\/wp-content\/uploads\/2017\/10\/DSC03991-1500.jpg\" data-rel=\"lightbox\" class=\"lightboxhover\"><img loading=\"lazy\" decoding=\"async\" src=\"https:\/\/wpkcs.karnevalsverein-sacro.de\/wp-content\/uploads\/2017\/10\/DSC03991-1500-400x400.jpg\" width=\"400\" height=\"400\" alt=\"\" srcset=\"https:\/\/wpkcs.karnevalsverein-sacro.de\/wp-content\/uploads\/2017\/10\/DSC03991-1500-400x400.jpg 400w, https:\/\/wpkcs.karnevalsverein-sacro.de\/wp-content\/uploads\/2017\/10\/DSC03991-1500-230x230.jpg 230w, https:\/\/wpkcs.karnevalsverein-sacro.de\/wp-content\/uploads\/2017\/10\/DSC03991-1500-280x280.jpg 280w, https:\/\/wpkcs.karnevalsverein-sacro.de\/wp-content\/uploads\/2017\/10\/DSC03991-1500-560x560.jpg 560w, https:\/\/wpkcs.karnevalsverein-sacro.de\/wp-content\/uploads\/2017\/10\/DSC03991-1500-800x800.jpg 800w\" sizes=\"auto, (max-width: 400px) 100vw, 400px\" class=\"light-dropshaddow\"\/><\/a><\/div><\/div><div class=\"tcol-lg-4 tcol-md-4 tcol-sm-4 tcol-xs-6 tcol-ss-12 g_item\"><div class=\"grid_item kad_gallery_fade_in gallery_item\"><a href=\"https:\/\/wpkcs.karnevalsverein-sacro.de\/wp-content\/uploads\/2017\/10\/DSC03997-1500.jpg\" data-rel=\"lightbox\" class=\"lightboxhover\"><img loading=\"lazy\" decoding=\"async\" src=\"https:\/\/wpkcs.karnevalsverein-sacro.de\/wp-content\/uploads\/2017\/10\/DSC03997-1500-400x400.jpg\" width=\"400\" height=\"400\" alt=\"\" srcset=\"https:\/\/wpkcs.karnevalsverein-sacro.de\/wp-content\/uploads\/2017\/10\/DSC03997-1500-400x400.jpg 400w, https:\/\/wpkcs.karnevalsverein-sacro.de\/wp-content\/uploads\/2017\/10\/DSC03997-1500-230x230.jpg 230w, https:\/\/wpkcs.karnevalsverein-sacro.de\/wp-content\/uploads\/2017\/10\/DSC03997-1500-280x280.jpg 280w, https:\/\/wpkcs.karnevalsverein-sacro.de\/wp-content\/uploads\/2017\/10\/DSC03997-1500-560x560.jpg 560w, https:\/\/wpkcs.karnevalsverein-sacro.de\/wp-content\/uploads\/2017\/10\/DSC03997-1500-800x800.jpg 800w\" sizes=\"auto, (max-width: 400px) 100vw, 400px\" class=\"light-dropshaddow\"\/><\/a><\/div><\/div><div class=\"tcol-lg-4 tcol-md-4 tcol-sm-4 tcol-xs-6 tcol-ss-12 g_item\"><div class=\"grid_item kad_gallery_fade_in gallery_item\"><a href=\"https:\/\/wpkcs.karnevalsverein-sacro.de\/wp-content\/uploads\/2017\/10\/DSC03999-1500.jpg\" data-rel=\"lightbox\" class=\"lightboxhover\"><img loading=\"lazy\" decoding=\"async\" src=\"https:\/\/wpkcs.karnevalsverein-sacro.de\/wp-content\/uploads\/2017\/10\/DSC03999-1500-400x400.jpg\" width=\"400\" height=\"400\" alt=\"\" srcset=\"https:\/\/wpkcs.karnevalsverein-sacro.de\/wp-content\/uploads\/2017\/10\/DSC03999-1500-400x400.jpg 400w, https:\/\/wpkcs.karnevalsverein-sacro.de\/wp-content\/uploads\/2017\/10\/DSC03999-1500-230x230.jpg 230w, https:\/\/wpkcs.karnevalsverein-sacro.de\/wp-content\/uploads\/2017\/10\/DSC03999-1500-280x280.jpg 280w, https:\/\/wpkcs.karnevalsverein-sacro.de\/wp-content\/uploads\/2017\/10\/DSC03999-1500-560x560.jpg 560w, https:\/\/wpkcs.karnevalsverein-sacro.de\/wp-content\/uploads\/2017\/10\/DSC03999-1500-800x800.jpg 800w\" sizes=\"auto, (max-width: 400px) 100vw, 400px\" class=\"light-dropshaddow\"\/><\/a><\/div><\/div><div class=\"tcol-lg-4 tcol-md-4 tcol-sm-4 tcol-xs-6 tcol-ss-12 g_item\"><div class=\"grid_item kad_gallery_fade_in gallery_item\"><a href=\"https:\/\/wpkcs.karnevalsverein-sacro.de\/wp-content\/uploads\/2017\/10\/DSC03960-1500.jpg\" data-rel=\"lightbox\" class=\"lightboxhover\"><img loading=\"lazy\" decoding=\"async\" src=\"https:\/\/wpkcs.karnevalsverein-sacro.de\/wp-content\/uploads\/2017\/10\/DSC03960-1500-400x400.jpg\" width=\"400\" height=\"400\" alt=\"\" srcset=\"https:\/\/wpkcs.karnevalsverein-sacro.de\/wp-content\/uploads\/2017\/10\/DSC03960-1500-400x400.jpg 400w, https:\/\/wpkcs.karnevalsverein-sacro.de\/wp-content\/uploads\/2017\/10\/DSC03960-1500-230x230.jpg 230w, https:\/\/wpkcs.karnevalsverein-sacro.de\/wp-content\/uploads\/2017\/10\/DSC03960-1500-280x280.jpg 280w, https:\/\/wpkcs.karnevalsverein-sacro.de\/wp-content\/uploads\/2017\/10\/DSC03960-1500-560x560.jpg 560w, https:\/\/wpkcs.karnevalsverein-sacro.de\/wp-content\/uploads\/2017\/10\/DSC03960-1500-800x800.jpg 800w\" sizes=\"auto, (max-width: 400px) 100vw, 400px\" class=\"light-dropshaddow\"\/><\/a><\/div><\/div><div class=\"tcol-lg-4 tcol-md-4 tcol-sm-4 tcol-xs-6 tcol-ss-12 g_item\"><div class=\"grid_item kad_gallery_fade_in gallery_item\"><a href=\"https:\/\/wpkcs.karnevalsverein-sacro.de\/wp-content\/uploads\/2017\/10\/DSC03956-1500.jpg\" data-rel=\"lightbox\" class=\"lightboxhover\"><img loading=\"lazy\" decoding=\"async\" src=\"https:\/\/wpkcs.karnevalsverein-sacro.de\/wp-content\/uploads\/2017\/10\/DSC03956-1500-400x400.jpg\" width=\"400\" height=\"400\" alt=\"\" srcset=\"https:\/\/wpkcs.karnevalsverein-sacro.de\/wp-content\/uploads\/2017\/10\/DSC03956-1500-400x400.jpg 400w, https:\/\/wpkcs.karnevalsverein-sacro.de\/wp-content\/uploads\/2017\/10\/DSC03956-1500-230x230.jpg 230w, https:\/\/wpkcs.karnevalsverein-sacro.de\/wp-content\/uploads\/2017\/10\/DSC03956-1500-280x280.jpg 280w, https:\/\/wpkcs.karnevalsverein-sacro.de\/wp-content\/uploads\/2017\/10\/DSC03956-1500-560x560.jpg 560w, https:\/\/wpkcs.karnevalsverein-sacro.de\/wp-content\/uploads\/2017\/10\/DSC03956-1500-800x800.jpg 800w\" sizes=\"auto, (max-width: 400px) 100vw, 400px\" class=\"light-dropshaddow\"\/><\/a><\/div><\/div><div class=\"tcol-lg-4 tcol-md-4 tcol-sm-4 tcol-xs-6 tcol-ss-12 g_item\"><div class=\"grid_item kad_gallery_fade_in gallery_item\"><a href=\"https:\/\/wpkcs.karnevalsverein-sacro.de\/wp-content\/uploads\/2017\/10\/DSC03952-1500.jpg\" data-rel=\"lightbox\" class=\"lightboxhover\"><img loading=\"lazy\" decoding=\"async\" src=\"https:\/\/wpkcs.karnevalsverein-sacro.de\/wp-content\/uploads\/2017\/10\/DSC03952-1500-400x400.jpg\" width=\"400\" height=\"400\" alt=\"\" srcset=\"https:\/\/wpkcs.karnevalsverein-sacro.de\/wp-content\/uploads\/2017\/10\/DSC03952-1500-400x400.jpg 400w, https:\/\/wpkcs.karnevalsverein-sacro.de\/wp-content\/uploads\/2017\/10\/DSC03952-1500-230x230.jpg 230w, https:\/\/wpkcs.karnevalsverein-sacro.de\/wp-content\/uploads\/2017\/10\/DSC03952-1500-280x280.jpg 280w, https:\/\/wpkcs.karnevalsverein-sacro.de\/wp-content\/uploads\/2017\/10\/DSC03952-1500-560x560.jpg 560w, https:\/\/wpkcs.karnevalsverein-sacro.de\/wp-content\/uploads\/2017\/10\/DSC03952-1500-800x800.jpg 800w\" sizes=\"auto, (max-width: 400px) 100vw, 400px\" class=\"light-dropshaddow\"\/><\/a><\/div><\/div><div class=\"tcol-lg-4 tcol-md-4 tcol-sm-4 tcol-xs-6 tcol-ss-12 g_item\"><div class=\"grid_item kad_gallery_fade_in gallery_item\"><a href=\"https:\/\/wpkcs.karnevalsverein-sacro.de\/wp-content\/uploads\/2017\/10\/DSC03981-1500.jpg\" data-rel=\"lightbox\" class=\"lightboxhover\"><img loading=\"lazy\" decoding=\"async\" src=\"https:\/\/wpkcs.karnevalsverein-sacro.de\/wp-content\/uploads\/2017\/10\/DSC03981-1500-400x400.jpg\" width=\"400\" height=\"400\" alt=\"\" srcset=\"https:\/\/wpkcs.karnevalsverein-sacro.de\/wp-content\/uploads\/2017\/10\/DSC03981-1500-400x400.jpg 400w, https:\/\/wpkcs.karnevalsverein-sacro.de\/wp-content\/uploads\/2017\/10\/DSC03981-1500-230x230.jpg 230w, https:\/\/wpkcs.karnevalsverein-sacro.de\/wp-content\/uploads\/2017\/10\/DSC03981-1500-280x280.jpg 280w, https:\/\/wpkcs.karnevalsverein-sacro.de\/wp-content\/uploads\/2017\/10\/DSC03981-1500-560x560.jpg 560w, https:\/\/wpkcs.karnevalsverein-sacro.de\/wp-content\/uploads\/2017\/10\/DSC03981-1500-800x800.jpg 800w\" sizes=\"auto, (max-width: 400px) 100vw, 400px\" class=\"light-dropshaddow\"\/><\/a><\/div><\/div><div class=\"tcol-lg-4 tcol-md-4 tcol-sm-4 tcol-xs-6 tcol-ss-12 g_item\"><div class=\"grid_item kad_gallery_fade_in gallery_item\"><a href=\"https:\/\/wpkcs.karnevalsverein-sacro.de\/wp-content\/uploads\/2017\/10\/DSC03975-1500.jpg\" data-rel=\"lightbox\" class=\"lightboxhover\"><img loading=\"lazy\" decoding=\"async\" src=\"https:\/\/wpkcs.karnevalsverein-sacro.de\/wp-content\/uploads\/2017\/10\/DSC03975-1500-400x400.jpg\" width=\"400\" height=\"400\" alt=\"\" srcset=\"https:\/\/wpkcs.karnevalsverein-sacro.de\/wp-content\/uploads\/2017\/10\/DSC03975-1500-400x400.jpg 400w, https:\/\/wpkcs.karnevalsverein-sacro.de\/wp-content\/uploads\/2017\/10\/DSC03975-1500-230x230.jpg 230w, https:\/\/wpkcs.karnevalsverein-sacro.de\/wp-content\/uploads\/2017\/10\/DSC03975-1500-280x280.jpg 280w, https:\/\/wpkcs.karnevalsverein-sacro.de\/wp-content\/uploads\/2017\/10\/DSC03975-1500-560x560.jpg 560w, https:\/\/wpkcs.karnevalsverein-sacro.de\/wp-content\/uploads\/2017\/10\/DSC03975-1500-800x800.jpg 800w\" sizes=\"auto, (max-width: 400px) 100vw, 400px\" class=\"light-dropshaddow\"\/><\/a><\/div><\/div><\/div>\n","protected":false},"excerpt":{"rendered":"<p>Es ist erneut Farbe und Frohsinn in das Schaufenster Berliner Stra\u00dfe 11 gezogen. Beim Mitternachtsshopping konnten sich die Besucher dort vom Enthusiasmus der Forster Karnevalisten mitrei\u00dfen lassen. Nun haben sie einen kleinen Spa\u00df vorbereitet. Ab 30.September wird am Schaufenster einmal&hellip; <\/p>\n","protected":false},"author":1,"featured_media":7634,"comment_status":"open","ping_status":"open","sticky":false,"template":"","format":"standard","meta":{"pgc_meta":"","footnotes":""},"categories":[3],"tags":[],"class_list":["post-7630","post","type-post","status-publish","format-standard","has-post-thumbnail","hentry","category-news-blog"],"rttpg_featured_image_url":{"full":["https:\/\/wpkcs.karnevalsverein-sacro.de\/wp-content\/uploads\/2017\/10\/DSC03955-1500.jpg",1500,1000,false],"landscape":["https:\/\/wpkcs.karnevalsverein-sacro.de\/wp-content\/uploads\/2017\/10\/DSC03955-1500.jpg",1500,1000,false],"portraits":["https:\/\/wpkcs.karnevalsverein-sacro.de\/wp-content\/uploads\/2017\/10\/DSC03955-1500.jpg",1500,1000,false],"thumbnail":["https:\/\/wpkcs.karnevalsverein-sacro.de\/wp-content\/uploads\/2017\/10\/DSC03955-1500-150x100.jpg",150,100,true],"medium":["https:\/\/wpkcs.karnevalsverein-sacro.de\/wp-content\/uploads\/2017\/10\/DSC03955-1500-450x300.jpg",450,300,true],"large":["https:\/\/wpkcs.karnevalsverein-sacro.de\/wp-content\/uploads\/2017\/10\/DSC03955-1500-800x533.jpg",700,466,true],"1536x1536":["https:\/\/wpkcs.karnevalsverein-sacro.de\/wp-content\/uploads\/2017\/10\/DSC03955-1500.jpg",1500,1000,false],"2048x2048":["https:\/\/wpkcs.karnevalsverein-sacro.de\/wp-content\/uploads\/2017\/10\/DSC03955-1500.jpg",1500,1000,false],"travelify-featured":["https:\/\/wpkcs.karnevalsverein-sacro.de\/wp-content\/uploads\/2017\/10\/DSC03955-1500.jpg",450,300,false],"travelify-featured-medium":["https:\/\/wpkcs.karnevalsverein-sacro.de\/wp-content\/uploads\/2017\/10\/DSC03955-1500.jpg",230,153,false],"travelify-slider":["https:\/\/wpkcs.karnevalsverein-sacro.de\/wp-content\/uploads\/2017\/10\/DSC03955-1500.jpg",690,460,false],"travelify-gallery":["https:\/\/wpkcs.karnevalsverein-sacro.de\/wp-content\/uploads\/2017\/10\/DSC03955-1500.jpg",474,316,false]},"rttpg_author":{"display_name":"KCS 1979 e.V. admin","author_link":"https:\/\/wpkcs.karnevalsverein-sacro.de\/?author=1"},"rttpg_comment":0,"rttpg_category":"<a href=\"https:\/\/wpkcs.karnevalsverein-sacro.de\/?cat=3\" rel=\"category\">KCS aktuell...<\/a>","rttpg_excerpt":"Es ist erneut Farbe und Frohsinn in das Schaufenster Berliner Stra\u00dfe 11 gezogen. Beim Mitternachtsshopping konnten sich die Besucher dort vom Enthusiasmus der Forster Karnevalisten mitrei\u00dfen lassen. Nun haben sie einen kleinen Spa\u00df vorbereitet. Ab 30.September wird am Schaufenster einmal&hellip;","_links":{"self":[{"href":"https:\/\/wpkcs.karnevalsverein-sacro.de\/index.php?rest_route=\/wp\/v2\/posts\/7630","targetHints":{"allow":["GET"]}}],"collection":[{"href":"https:\/\/wpkcs.karnevalsverein-sacro.de\/index.php?rest_route=\/wp\/v2\/posts"}],"about":[{"href":"https:\/\/wpkcs.karnevalsverein-sacro.de\/index.php?rest_route=\/wp\/v2\/types\/post"}],"author":[{"embeddable":true,"href":"https:\/\/wpkcs.karnevalsverein-sacro.de\/index.php?rest_route=\/wp\/v2\/users\/1"}],"replies":[{"embeddable":true,"href":"https:\/\/wpkcs.karnevalsverein-sacro.de\/index.php?rest_route=%2Fwp%2Fv2%2Fcomments&post=7630"}],"version-history":[{"count":3,"href":"https:\/\/wpkcs.karnevalsverein-sacro.de\/index.php?rest_route=\/wp\/v2\/posts\/7630\/revisions"}],"predecessor-version":[{"id":7649,"href":"https:\/\/wpkcs.karnevalsverein-sacro.de\/index.php?rest_route=\/wp\/v2\/posts\/7630\/revisions\/7649"}],"wp:featuredmedia":[{"embeddable":true,"href":"https:\/\/wpkcs.karnevalsverein-sacro.de\/index.php?rest_route=\/wp\/v2\/media\/7634"}],"wp:attachment":[{"href":"https:\/\/wpkcs.karnevalsverein-sacro.de\/index.php?rest_route=%2Fwp%2Fv2%2Fmedia&parent=7630"}],"wp:term":[{"taxonomy":"category","embeddable":true,"href":"https:\/\/wpkcs.karnevalsverein-sacro.de\/index.php?rest_route=%2Fwp%2Fv2%2Fcategories&post=7630"},{"taxonomy":"post_tag","embeddable":true,"href":"https:\/\/wpkcs.karnevalsverein-sacro.de\/index.php?rest_route=%2Fwp%2Fv2%2Ftags&post=7630"}],"curies":[{"name":"wp","href":"https:\/\/api.w.org\/{rel}","templated":true}]}}