{"id":5666,"date":"2015-10-29T22:14:00","date_gmt":"2015-10-29T20:14:00","guid":{"rendered":"http:\/\/wpkcs.karnevalsverein-sacro.de\/?p=5666"},"modified":"2015-10-29T22:24:02","modified_gmt":"2015-10-29T20:24:02","slug":"das-training-laeuft","status":"publish","type":"post","link":"https:\/\/wpkcs.karnevalsverein-sacro.de\/?p=5666","title":{"rendered":"Das Training l\u00e4uft&#8230;."},"content":{"rendered":"<p>&#8222;Das sieht ja schon gut aus!&#8220; Das war mein erster Eindruck als ich\u00a0bei\u00a0den Proben zu den Darbietungen der Garde, dem M\u00e4nnerballet und den Piccolinas vorbeigeschaut habe. Da habe ich nat\u00fcrlich gleich ein paar Fotos gemacht. Es ist ja auch nicht mehr viel Zeit bis zu unserer Generalprobe. Bald geht&#8217;s los. FORSCHTE HELAU!!!<\/p>\n<div id=\"kad-wp-gallery59\" class=\"kad-wp-gallery kad-light-wp-gallery clearfix kt-gallery-column-3 rowtight\"><div class=\"tcol-lg-4 tcol-md-4 tcol-sm-4 tcol-xs-6 tcol-ss-12 g_item\"><div class=\"grid_item kad_gallery_fade_in gallery_item\"><a href=\"https:\/\/wpkcs.karnevalsverein-sacro.de\/wp-content\/uploads\/2015\/10\/Training-Piccolinast-2015-01.jpg\" data-rel=\"lightbox\" class=\"lightboxhover\"><img loading=\"lazy\" decoding=\"async\" src=\"https:\/\/wpkcs.karnevalsverein-sacro.de\/wp-content\/uploads\/2015\/10\/Training-Piccolinast-2015-01-400x400.jpg\" width=\"400\" height=\"400\" alt=\"Dank Kerstins unerm\u00fcdlichen Einsatz jede Woche werden die verr\u00fcckten H\u00fchner zu tanzenden verr\u00fcckten H\u00fchnern.\" srcset=\"https:\/\/wpkcs.karnevalsverein-sacro.de\/wp-content\/uploads\/2015\/10\/Training-Piccolinast-2015-01-400x400.jpg 400w, https:\/\/wpkcs.karnevalsverein-sacro.de\/wp-content\/uploads\/2015\/10\/Training-Piccolinast-2015-01-230x230.jpg 230w, https:\/\/wpkcs.karnevalsverein-sacro.de\/wp-content\/uploads\/2015\/10\/Training-Piccolinast-2015-01-280x280.jpg 280w, https:\/\/wpkcs.karnevalsverein-sacro.de\/wp-content\/uploads\/2015\/10\/Training-Piccolinast-2015-01-560x560.jpg 560w\" sizes=\"auto, (max-width: 400px) 100vw, 400px\" class=\"light-dropshaddow\"\/><\/a><\/div><\/div><div class=\"tcol-lg-4 tcol-md-4 tcol-sm-4 tcol-xs-6 tcol-ss-12 g_item\"><div class=\"grid_item kad_gallery_fade_in gallery_item\"><a href=\"https:\/\/wpkcs.karnevalsverein-sacro.de\/wp-content\/uploads\/2015\/10\/Training-Piccolinast-2015-02.jpg\" data-rel=\"lightbox\" class=\"lightboxhover\"><img loading=\"lazy\" decoding=\"async\" src=\"https:\/\/wpkcs.karnevalsverein-sacro.de\/wp-content\/uploads\/2015\/10\/Training-Piccolinast-2015-02-400x400.jpg\" width=\"400\" height=\"400\" alt=\"\" srcset=\"https:\/\/wpkcs.karnevalsverein-sacro.de\/wp-content\/uploads\/2015\/10\/Training-Piccolinast-2015-02-400x400.jpg 400w, https:\/\/wpkcs.karnevalsverein-sacro.de\/wp-content\/uploads\/2015\/10\/Training-Piccolinast-2015-02-230x230.jpg 230w, https:\/\/wpkcs.karnevalsverein-sacro.de\/wp-content\/uploads\/2015\/10\/Training-Piccolinast-2015-02-280x280.jpg 280w, https:\/\/wpkcs.karnevalsverein-sacro.de\/wp-content\/uploads\/2015\/10\/Training-Piccolinast-2015-02-560x560.jpg 560w\" sizes=\"auto, (max-width: 400px) 100vw, 400px\" class=\"light-dropshaddow\"\/><\/a><\/div><\/div><div class=\"tcol-lg-4 tcol-md-4 tcol-sm-4 tcol-xs-6 tcol-ss-12 g_item\"><div class=\"grid_item kad_gallery_fade_in gallery_item\"><a href=\"https:\/\/wpkcs.karnevalsverein-sacro.de\/wp-content\/uploads\/2015\/10\/Training-Piccolinast-2015-03.jpg\" data-rel=\"lightbox\" class=\"lightboxhover\"><img loading=\"lazy\" decoding=\"async\" src=\"https:\/\/wpkcs.karnevalsverein-sacro.de\/wp-content\/uploads\/2015\/10\/Training-Piccolinast-2015-03-400x400.jpg\" width=\"400\" height=\"400\" alt=\"\" srcset=\"https:\/\/wpkcs.karnevalsverein-sacro.de\/wp-content\/uploads\/2015\/10\/Training-Piccolinast-2015-03-400x400.jpg 400w, https:\/\/wpkcs.karnevalsverein-sacro.de\/wp-content\/uploads\/2015\/10\/Training-Piccolinast-2015-03-230x230.jpg 230w, https:\/\/wpkcs.karnevalsverein-sacro.de\/wp-content\/uploads\/2015\/10\/Training-Piccolinast-2015-03-280x280.jpg 280w, https:\/\/wpkcs.karnevalsverein-sacro.de\/wp-content\/uploads\/2015\/10\/Training-Piccolinast-2015-03-560x560.jpg 560w\" sizes=\"auto, (max-width: 400px) 100vw, 400px\" class=\"light-dropshaddow\"\/><\/a><\/div><\/div><div class=\"tcol-lg-4 tcol-md-4 tcol-sm-4 tcol-xs-6 tcol-ss-12 g_item\"><div class=\"grid_item kad_gallery_fade_in gallery_item\"><a href=\"https:\/\/wpkcs.karnevalsverein-sacro.de\/wp-content\/uploads\/2015\/10\/Training-Piccolinast-2015-04.jpg\" data-rel=\"lightbox\" class=\"lightboxhover\"><img loading=\"lazy\" decoding=\"async\" src=\"https:\/\/wpkcs.karnevalsverein-sacro.de\/wp-content\/uploads\/2015\/10\/Training-Piccolinast-2015-04-400x400.jpg\" width=\"400\" height=\"400\" alt=\"\" srcset=\"https:\/\/wpkcs.karnevalsverein-sacro.de\/wp-content\/uploads\/2015\/10\/Training-Piccolinast-2015-04-400x400.jpg 400w, https:\/\/wpkcs.karnevalsverein-sacro.de\/wp-content\/uploads\/2015\/10\/Training-Piccolinast-2015-04-230x230.jpg 230w, https:\/\/wpkcs.karnevalsverein-sacro.de\/wp-content\/uploads\/2015\/10\/Training-Piccolinast-2015-04-280x280.jpg 280w, https:\/\/wpkcs.karnevalsverein-sacro.de\/wp-content\/uploads\/2015\/10\/Training-Piccolinast-2015-04-560x560.jpg 560w\" sizes=\"auto, (max-width: 400px) 100vw, 400px\" class=\"light-dropshaddow\"\/><\/a><\/div><\/div><div class=\"tcol-lg-4 tcol-md-4 tcol-sm-4 tcol-xs-6 tcol-ss-12 g_item\"><div class=\"grid_item kad_gallery_fade_in gallery_item\"><a href=\"https:\/\/wpkcs.karnevalsverein-sacro.de\/wp-content\/uploads\/2015\/10\/Training-Piccolinast-2015-05.jpg\" data-rel=\"lightbox\" class=\"lightboxhover\"><img loading=\"lazy\" decoding=\"async\" src=\"https:\/\/wpkcs.karnevalsverein-sacro.de\/wp-content\/uploads\/2015\/10\/Training-Piccolinast-2015-05-400x400.jpg\" width=\"400\" height=\"400\" alt=\"\" srcset=\"https:\/\/wpkcs.karnevalsverein-sacro.de\/wp-content\/uploads\/2015\/10\/Training-Piccolinast-2015-05-400x400.jpg 400w, https:\/\/wpkcs.karnevalsverein-sacro.de\/wp-content\/uploads\/2015\/10\/Training-Piccolinast-2015-05-230x230.jpg 230w, https:\/\/wpkcs.karnevalsverein-sacro.de\/wp-content\/uploads\/2015\/10\/Training-Piccolinast-2015-05-280x280.jpg 280w, https:\/\/wpkcs.karnevalsverein-sacro.de\/wp-content\/uploads\/2015\/10\/Training-Piccolinast-2015-05-560x560.jpg 560w\" sizes=\"auto, (max-width: 400px) 100vw, 400px\" class=\"light-dropshaddow\"\/><\/a><\/div><\/div><div class=\"tcol-lg-4 tcol-md-4 tcol-sm-4 tcol-xs-6 tcol-ss-12 g_item\"><div class=\"grid_item kad_gallery_fade_in gallery_item\"><a href=\"https:\/\/wpkcs.karnevalsverein-sacro.de\/wp-content\/uploads\/2015\/10\/Training-Garde-Ballett-2015-01.jpg\" data-rel=\"lightbox\" class=\"lightboxhover\"><img loading=\"lazy\" decoding=\"async\" src=\"https:\/\/wpkcs.karnevalsverein-sacro.de\/wp-content\/uploads\/2015\/10\/Training-Garde-Ballett-2015-01-400x400.jpg\" width=\"400\" height=\"400\" alt=\"Wenn Karina schwebt haben alle anderen M\u00e4nner auch zu schweben.\" srcset=\"https:\/\/wpkcs.karnevalsverein-sacro.de\/wp-content\/uploads\/2015\/10\/Training-Garde-Ballett-2015-01-400x400.jpg 400w, https:\/\/wpkcs.karnevalsverein-sacro.de\/wp-content\/uploads\/2015\/10\/Training-Garde-Ballett-2015-01-230x230.jpg 230w, https:\/\/wpkcs.karnevalsverein-sacro.de\/wp-content\/uploads\/2015\/10\/Training-Garde-Ballett-2015-01-280x280.jpg 280w\" sizes=\"auto, (max-width: 400px) 100vw, 400px\" class=\"light-dropshaddow\"\/><\/a><\/div><\/div><div class=\"tcol-lg-4 tcol-md-4 tcol-sm-4 tcol-xs-6 tcol-ss-12 g_item\"><div class=\"grid_item kad_gallery_fade_in gallery_item\"><a href=\"https:\/\/wpkcs.karnevalsverein-sacro.de\/wp-content\/uploads\/2015\/10\/Training-Garde-Ballett-2015-02.jpg\" data-rel=\"lightbox\" class=\"lightboxhover\"><img loading=\"lazy\" decoding=\"async\" src=\"https:\/\/wpkcs.karnevalsverein-sacro.de\/wp-content\/uploads\/2015\/10\/Training-Garde-Ballett-2015-02-400x400.jpg\" width=\"400\" height=\"400\" alt=\"\" srcset=\"https:\/\/wpkcs.karnevalsverein-sacro.de\/wp-content\/uploads\/2015\/10\/Training-Garde-Ballett-2015-02-400x400.jpg 400w, https:\/\/wpkcs.karnevalsverein-sacro.de\/wp-content\/uploads\/2015\/10\/Training-Garde-Ballett-2015-02-230x230.jpg 230w, https:\/\/wpkcs.karnevalsverein-sacro.de\/wp-content\/uploads\/2015\/10\/Training-Garde-Ballett-2015-02-280x280.jpg 280w, https:\/\/wpkcs.karnevalsverein-sacro.de\/wp-content\/uploads\/2015\/10\/Training-Garde-Ballett-2015-02-560x560.jpg 560w, https:\/\/wpkcs.karnevalsverein-sacro.de\/wp-content\/uploads\/2015\/10\/Training-Garde-Ballett-2015-02-800x800.jpg 800w\" sizes=\"auto, (max-width: 400px) 100vw, 400px\" class=\"light-dropshaddow\"\/><\/a><\/div><\/div><div class=\"tcol-lg-4 tcol-md-4 tcol-sm-4 tcol-xs-6 tcol-ss-12 g_item\"><div class=\"grid_item kad_gallery_fade_in gallery_item\"><a href=\"https:\/\/wpkcs.karnevalsverein-sacro.de\/wp-content\/uploads\/2015\/10\/Training-Garde-Ballett-2015-03.jpg\" data-rel=\"lightbox\" class=\"lightboxhover\"><img loading=\"lazy\" decoding=\"async\" src=\"https:\/\/wpkcs.karnevalsverein-sacro.de\/wp-content\/uploads\/2015\/10\/Training-Garde-Ballett-2015-03-400x400.jpg\" width=\"400\" height=\"400\" alt=\"Ein Hoch auf Brit.\" srcset=\"https:\/\/wpkcs.karnevalsverein-sacro.de\/wp-content\/uploads\/2015\/10\/Training-Garde-Ballett-2015-03-400x400.jpg 400w, https:\/\/wpkcs.karnevalsverein-sacro.de\/wp-content\/uploads\/2015\/10\/Training-Garde-Ballett-2015-03-230x230.jpg 230w, https:\/\/wpkcs.karnevalsverein-sacro.de\/wp-content\/uploads\/2015\/10\/Training-Garde-Ballett-2015-03-280x280.jpg 280w, https:\/\/wpkcs.karnevalsverein-sacro.de\/wp-content\/uploads\/2015\/10\/Training-Garde-Ballett-2015-03-560x560.jpg 560w, https:\/\/wpkcs.karnevalsverein-sacro.de\/wp-content\/uploads\/2015\/10\/Training-Garde-Ballett-2015-03-800x800.jpg 800w\" sizes=\"auto, (max-width: 400px) 100vw, 400px\" class=\"light-dropshaddow\"\/><\/a><\/div><\/div><div class=\"tcol-lg-4 tcol-md-4 tcol-sm-4 tcol-xs-6 tcol-ss-12 g_item\"><div class=\"grid_item kad_gallery_fade_in gallery_item\"><a href=\"https:\/\/wpkcs.karnevalsverein-sacro.de\/wp-content\/uploads\/2015\/10\/Training-Garde-Ballett-2015-04.jpg\" data-rel=\"lightbox\" class=\"lightboxhover\"><img loading=\"lazy\" decoding=\"async\" src=\"https:\/\/wpkcs.karnevalsverein-sacro.de\/wp-content\/uploads\/2015\/10\/Training-Garde-Ballett-2015-04-400x400.jpg\" width=\"400\" height=\"400\" alt=\"Nachwuchsorgen hat der KCS wohl nicht. Die kleine Valerie interressieren aber ganz andere Sachen.\" srcset=\"https:\/\/wpkcs.karnevalsverein-sacro.de\/wp-content\/uploads\/2015\/10\/Training-Garde-Ballett-2015-04-400x400.jpg 400w, https:\/\/wpkcs.karnevalsverein-sacro.de\/wp-content\/uploads\/2015\/10\/Training-Garde-Ballett-2015-04-230x230.jpg 230w, https:\/\/wpkcs.karnevalsverein-sacro.de\/wp-content\/uploads\/2015\/10\/Training-Garde-Ballett-2015-04-280x280.jpg 280w, https:\/\/wpkcs.karnevalsverein-sacro.de\/wp-content\/uploads\/2015\/10\/Training-Garde-Ballett-2015-04-560x560.jpg 560w, https:\/\/wpkcs.karnevalsverein-sacro.de\/wp-content\/uploads\/2015\/10\/Training-Garde-Ballett-2015-04-800x800.jpg 800w\" sizes=\"auto, (max-width: 400px) 100vw, 400px\" class=\"light-dropshaddow\"\/><\/a><\/div><\/div><div class=\"tcol-lg-4 tcol-md-4 tcol-sm-4 tcol-xs-6 tcol-ss-12 g_item\"><div class=\"grid_item kad_gallery_fade_in gallery_item\"><a href=\"https:\/\/wpkcs.karnevalsverein-sacro.de\/wp-content\/uploads\/2015\/10\/Training-Garde-Ballett-2015-05.jpg\" data-rel=\"lightbox\" class=\"lightboxhover\"><img loading=\"lazy\" decoding=\"async\" src=\"https:\/\/wpkcs.karnevalsverein-sacro.de\/wp-content\/uploads\/2015\/10\/Training-Garde-Ballett-2015-05-400x400.jpg\" width=\"400\" height=\"400\" alt=\"Auch das M\u00e4nnerballett muss \u00fcben damit es lustig wird.\" srcset=\"https:\/\/wpkcs.karnevalsverein-sacro.de\/wp-content\/uploads\/2015\/10\/Training-Garde-Ballett-2015-05-400x400.jpg 400w, https:\/\/wpkcs.karnevalsverein-sacro.de\/wp-content\/uploads\/2015\/10\/Training-Garde-Ballett-2015-05-230x230.jpg 230w, https:\/\/wpkcs.karnevalsverein-sacro.de\/wp-content\/uploads\/2015\/10\/Training-Garde-Ballett-2015-05-280x280.jpg 280w, https:\/\/wpkcs.karnevalsverein-sacro.de\/wp-content\/uploads\/2015\/10\/Training-Garde-Ballett-2015-05-560x560.jpg 560w\" sizes=\"auto, (max-width: 400px) 100vw, 400px\" class=\"light-dropshaddow\"\/><\/a><\/div><\/div><div class=\"tcol-lg-4 tcol-md-4 tcol-sm-4 tcol-xs-6 tcol-ss-12 g_item\"><div class=\"grid_item kad_gallery_fade_in gallery_item\"><a href=\"https:\/\/wpkcs.karnevalsverein-sacro.de\/wp-content\/uploads\/2015\/10\/Training-Garde-Ballett-2015-06.jpg\" data-rel=\"lightbox\" class=\"lightboxhover\"><img loading=\"lazy\" decoding=\"async\" src=\"https:\/\/wpkcs.karnevalsverein-sacro.de\/wp-content\/uploads\/2015\/10\/Training-Garde-Ballett-2015-06-400x400.jpg\" width=\"400\" height=\"400\" alt=\"Auf die Kost\u00fcme k\u00f6nnen  wir schon mal gespannt sein.\" srcset=\"https:\/\/wpkcs.karnevalsverein-sacro.de\/wp-content\/uploads\/2015\/10\/Training-Garde-Ballett-2015-06-400x400.jpg 400w, https:\/\/wpkcs.karnevalsverein-sacro.de\/wp-content\/uploads\/2015\/10\/Training-Garde-Ballett-2015-06-230x230.jpg 230w, https:\/\/wpkcs.karnevalsverein-sacro.de\/wp-content\/uploads\/2015\/10\/Training-Garde-Ballett-2015-06-280x280.jpg 280w\" sizes=\"auto, (max-width: 400px) 100vw, 400px\" class=\"light-dropshaddow\"\/><\/a><\/div><\/div><\/div>\n","protected":false},"excerpt":{"rendered":"<p>&#8222;Das sieht ja schon gut aus!&#8220; Das war mein erster Eindruck als ich\u00a0bei\u00a0den Proben zu den Darbietungen der Garde, dem M\u00e4nnerballet und den Piccolinas vorbeigeschaut habe. Da habe ich nat\u00fcrlich gleich ein paar Fotos gemacht. Es ist ja auch nicht&hellip; <\/p>\n","protected":false},"author":1,"featured_media":5653,"comment_status":"open","ping_status":"open","sticky":false,"template":"","format":"standard","meta":{"pgc_meta":"","footnotes":""},"categories":[3],"tags":[],"class_list":["post-5666","post","type-post","status-publish","format-standard","has-post-thumbnail","hentry","category-news-blog"],"rttpg_featured_image_url":{"full":["https:\/\/wpkcs.karnevalsverein-sacro.de\/wp-content\/uploads\/2015\/10\/Training-Garde-Ballett-2015-01.jpg",1000,521,false],"landscape":["https:\/\/wpkcs.karnevalsverein-sacro.de\/wp-content\/uploads\/2015\/10\/Training-Garde-Ballett-2015-01.jpg",1000,521,false],"portraits":["https:\/\/wpkcs.karnevalsverein-sacro.de\/wp-content\/uploads\/2015\/10\/Training-Garde-Ballett-2015-01.jpg",1000,521,false],"thumbnail":["https:\/\/wpkcs.karnevalsverein-sacro.de\/wp-content\/uploads\/2015\/10\/Training-Garde-Ballett-2015-01-150x78.jpg",150,78,true],"medium":["https:\/\/wpkcs.karnevalsverein-sacro.de\/wp-content\/uploads\/2015\/10\/Training-Garde-Ballett-2015-01-575x300.jpg",575,300,true],"large":["https:\/\/wpkcs.karnevalsverein-sacro.de\/wp-content\/uploads\/2015\/10\/Training-Garde-Ballett-2015-01-800x416.jpg",700,364,true],"1536x1536":["https:\/\/wpkcs.karnevalsverein-sacro.de\/wp-content\/uploads\/2015\/10\/Training-Garde-Ballett-2015-01.jpg",1000,521,false],"2048x2048":["https:\/\/wpkcs.karnevalsverein-sacro.de\/wp-content\/uploads\/2015\/10\/Training-Garde-Ballett-2015-01.jpg",1000,521,false],"travelify-featured":["https:\/\/wpkcs.karnevalsverein-sacro.de\/wp-content\/uploads\/2015\/10\/Training-Garde-Ballett-2015-01.jpg",576,300,false],"travelify-featured-medium":["https:\/\/wpkcs.karnevalsverein-sacro.de\/wp-content\/uploads\/2015\/10\/Training-Garde-Ballett-2015-01.jpg",230,120,false],"travelify-slider":["https:\/\/wpkcs.karnevalsverein-sacro.de\/wp-content\/uploads\/2015\/10\/Training-Garde-Ballett-2015-01.jpg",883,460,false],"travelify-gallery":["https:\/\/wpkcs.karnevalsverein-sacro.de\/wp-content\/uploads\/2015\/10\/Training-Garde-Ballett-2015-01.jpg",474,247,false]},"rttpg_author":{"display_name":"KCS 1979 e.V. admin","author_link":"https:\/\/wpkcs.karnevalsverein-sacro.de\/?author=1"},"rttpg_comment":0,"rttpg_category":"<a href=\"https:\/\/wpkcs.karnevalsverein-sacro.de\/?cat=3\" rel=\"category\">KCS aktuell...<\/a>","rttpg_excerpt":"&#8222;Das sieht ja schon gut aus!&#8220; Das war mein erster Eindruck als ich\u00a0bei\u00a0den Proben zu den Darbietungen der Garde, dem M\u00e4nnerballet und den Piccolinas vorbeigeschaut habe. Da habe ich nat\u00fcrlich gleich ein paar Fotos gemacht. Es ist ja auch nicht&hellip;","_links":{"self":[{"href":"https:\/\/wpkcs.karnevalsverein-sacro.de\/index.php?rest_route=\/wp\/v2\/posts\/5666","targetHints":{"allow":["GET"]}}],"collection":[{"href":"https:\/\/wpkcs.karnevalsverein-sacro.de\/index.php?rest_route=\/wp\/v2\/posts"}],"about":[{"href":"https:\/\/wpkcs.karnevalsverein-sacro.de\/index.php?rest_route=\/wp\/v2\/types\/post"}],"author":[{"embeddable":true,"href":"https:\/\/wpkcs.karnevalsverein-sacro.de\/index.php?rest_route=\/wp\/v2\/users\/1"}],"replies":[{"embeddable":true,"href":"https:\/\/wpkcs.karnevalsverein-sacro.de\/index.php?rest_route=%2Fwp%2Fv2%2Fcomments&post=5666"}],"version-history":[{"count":2,"href":"https:\/\/wpkcs.karnevalsverein-sacro.de\/index.php?rest_route=\/wp\/v2\/posts\/5666\/revisions"}],"predecessor-version":[{"id":5669,"href":"https:\/\/wpkcs.karnevalsverein-sacro.de\/index.php?rest_route=\/wp\/v2\/posts\/5666\/revisions\/5669"}],"wp:featuredmedia":[{"embeddable":true,"href":"https:\/\/wpkcs.karnevalsverein-sacro.de\/index.php?rest_route=\/wp\/v2\/media\/5653"}],"wp:attachment":[{"href":"https:\/\/wpkcs.karnevalsverein-sacro.de\/index.php?rest_route=%2Fwp%2Fv2%2Fmedia&parent=5666"}],"wp:term":[{"taxonomy":"category","embeddable":true,"href":"https:\/\/wpkcs.karnevalsverein-sacro.de\/index.php?rest_route=%2Fwp%2Fv2%2Fcategories&post=5666"},{"taxonomy":"post_tag","embeddable":true,"href":"https:\/\/wpkcs.karnevalsverein-sacro.de\/index.php?rest_route=%2Fwp%2Fv2%2Ftags&post=5666"}],"curies":[{"name":"wp","href":"https:\/\/api.w.org\/{rel}","templated":true}]}}