{"id":3941,"date":"2025-08-27T23:06:42","date_gmt":"2025-08-27T21:06:42","guid":{"rendered":"http:\/\/wpkcs.karnevalsverein-sacro.de\/?p=3941"},"modified":"2025-08-28T22:57:24","modified_gmt":"2025-08-28T20:57:24","slug":"unsere-saalpolizei","status":"publish","type":"post","link":"https:\/\/wpkcs.karnevalsverein-sacro.de\/?p=3941","title":{"rendered":"Unsere Saalpolizei"},"content":{"rendered":"<blockquote>\n<p style=\"text-align: justify;\"><b>Der Name ist Programm, wenn die Herren mit Nachdruck und einem Augenzwinkern f\u00fcr \u201eOrdnung\u201c im Saal sorgen.\u00a0Vor ihnen ist selbst das Konfetti auf der Tanzfl\u00e4che nicht sicher. Doch sie k\u00f6nnen auch anders- wenn das Tragen der Vereinsstandarte Stolz und Haltung verlangt sind die Gr\u00fcn- Wei\u00dfen unsere ersten Wahl.<\/b><\/p>\n<\/blockquote>\n<div id=\"kad-wp-gallery69\" class=\"kad-wp-gallery kad-light-wp-gallery clearfix kt-gallery-column-3 rowtight\"><div class=\"tcol-lg-4 tcol-md-4 tcol-sm-4 tcol-xs-6 tcol-ss-12 g_item\"><div class=\"grid_item kad_gallery_fade_in gallery_item\"><a href=\"https:\/\/wpkcs.karnevalsverein-sacro.de\/wp-content\/uploads\/118-087-A7302415-2500.jpg\" data-rel=\"lightbox\" class=\"lightboxhover\"><img loading=\"lazy\" decoding=\"async\" src=\"https:\/\/wpkcs.karnevalsverein-sacro.de\/wp-content\/uploads\/118-087-A7302415-2500-400x400.jpg\" width=\"400\" height=\"400\" alt=\"\" srcset=\"https:\/\/wpkcs.karnevalsverein-sacro.de\/wp-content\/uploads\/118-087-A7302415-2500-400x400.jpg 400w, https:\/\/wpkcs.karnevalsverein-sacro.de\/wp-content\/uploads\/118-087-A7302415-2500-230x230.jpg 230w, https:\/\/wpkcs.karnevalsverein-sacro.de\/wp-content\/uploads\/118-087-A7302415-2500-280x280.jpg 280w, https:\/\/wpkcs.karnevalsverein-sacro.de\/wp-content\/uploads\/118-087-A7302415-2500-560x560.jpg 560w, https:\/\/wpkcs.karnevalsverein-sacro.de\/wp-content\/uploads\/118-087-A7302415-2500-800x800.jpg 800w\" sizes=\"auto, (max-width: 400px) 100vw, 400px\" class=\"light-dropshaddow\"\/><\/a><\/div><\/div><div class=\"tcol-lg-4 tcol-md-4 tcol-sm-4 tcol-xs-6 tcol-ss-12 g_item\"><div class=\"grid_item kad_gallery_fade_in gallery_item\"><a href=\"https:\/\/wpkcs.karnevalsverein-sacro.de\/wp-content\/uploads\/119-088-A7302108-2500.jpg\" data-rel=\"lightbox\" class=\"lightboxhover\"><img loading=\"lazy\" decoding=\"async\" src=\"https:\/\/wpkcs.karnevalsverein-sacro.de\/wp-content\/uploads\/119-088-A7302108-2500-400x400.jpg\" width=\"400\" height=\"400\" alt=\"\" srcset=\"https:\/\/wpkcs.karnevalsverein-sacro.de\/wp-content\/uploads\/119-088-A7302108-2500-400x400.jpg 400w, https:\/\/wpkcs.karnevalsverein-sacro.de\/wp-content\/uploads\/119-088-A7302108-2500-230x230.jpg 230w, https:\/\/wpkcs.karnevalsverein-sacro.de\/wp-content\/uploads\/119-088-A7302108-2500-280x280.jpg 280w, https:\/\/wpkcs.karnevalsverein-sacro.de\/wp-content\/uploads\/119-088-A7302108-2500-560x560.jpg 560w, https:\/\/wpkcs.karnevalsverein-sacro.de\/wp-content\/uploads\/119-088-A7302108-2500-800x800.jpg 800w\" sizes=\"auto, (max-width: 400px) 100vw, 400px\" class=\"light-dropshaddow\"\/><\/a><\/div><\/div><div class=\"tcol-lg-4 tcol-md-4 tcol-sm-4 tcol-xs-6 tcol-ss-12 g_item\"><div class=\"grid_item kad_gallery_fade_in gallery_item\"><a href=\"https:\/\/wpkcs.karnevalsverein-sacro.de\/wp-content\/uploads\/293-F-CB-049-A7304837-2500.jpg\" data-rel=\"lightbox\" class=\"lightboxhover\"><img loading=\"lazy\" decoding=\"async\" src=\"https:\/\/wpkcs.karnevalsverein-sacro.de\/wp-content\/uploads\/293-F-CB-049-A7304837-2500-400x400.jpg\" width=\"400\" height=\"400\" alt=\"\" srcset=\"https:\/\/wpkcs.karnevalsverein-sacro.de\/wp-content\/uploads\/293-F-CB-049-A7304837-2500-400x400.jpg 400w, https:\/\/wpkcs.karnevalsverein-sacro.de\/wp-content\/uploads\/293-F-CB-049-A7304837-2500-230x230.jpg 230w, https:\/\/wpkcs.karnevalsverein-sacro.de\/wp-content\/uploads\/293-F-CB-049-A7304837-2500-280x280.jpg 280w, https:\/\/wpkcs.karnevalsverein-sacro.de\/wp-content\/uploads\/293-F-CB-049-A7304837-2500-560x560.jpg 560w, https:\/\/wpkcs.karnevalsverein-sacro.de\/wp-content\/uploads\/293-F-CB-049-A7304837-2500-800x800.jpg 800w\" sizes=\"auto, (max-width: 400px) 100vw, 400px\" class=\"light-dropshaddow\"\/><\/a><\/div><\/div><div class=\"tcol-lg-4 tcol-md-4 tcol-sm-4 tcol-xs-6 tcol-ss-12 g_item\"><div class=\"grid_item kad_gallery_fade_in gallery_item\"><a href=\"https:\/\/wpkcs.karnevalsverein-sacro.de\/wp-content\/uploads\/FFF-049-A7300686-2500-2500.jpg\" data-rel=\"lightbox\" class=\"lightboxhover\"><img loading=\"lazy\" decoding=\"async\" src=\"https:\/\/wpkcs.karnevalsverein-sacro.de\/wp-content\/uploads\/FFF-049-A7300686-2500-2500-400x400.jpg\" width=\"400\" height=\"400\" alt=\"\" srcset=\"https:\/\/wpkcs.karnevalsverein-sacro.de\/wp-content\/uploads\/FFF-049-A7300686-2500-2500-400x400.jpg 400w, https:\/\/wpkcs.karnevalsverein-sacro.de\/wp-content\/uploads\/FFF-049-A7300686-2500-2500-230x230.jpg 230w, https:\/\/wpkcs.karnevalsverein-sacro.de\/wp-content\/uploads\/FFF-049-A7300686-2500-2500-280x280.jpg 280w, https:\/\/wpkcs.karnevalsverein-sacro.de\/wp-content\/uploads\/FFF-049-A7300686-2500-2500-560x560.jpg 560w, https:\/\/wpkcs.karnevalsverein-sacro.de\/wp-content\/uploads\/FFF-049-A7300686-2500-2500-800x800.jpg 800w\" sizes=\"auto, (max-width: 400px) 100vw, 400px\" class=\"light-dropshaddow\"\/><\/a><\/div><\/div><\/div>\n<blockquote><p><strong><a>Zur\u00fcck zur \u00dcbersicht.<\/a><\/strong><\/p><\/blockquote>\n","protected":false},"excerpt":{"rendered":"<p>Der Name ist Programm, wenn die Herren mit Nachdruck und einem Augenzwinkern f\u00fcr \u201eOrdnung\u201c im Saal sorgen.\u00a0Vor ihnen ist selbst das Konfetti auf der Tanzfl\u00e4che nicht sicher. Doch sie k\u00f6nnen auch anders- wenn das Tragen der Vereinsstandarte Stolz und Haltung&hellip; <\/p>\n","protected":false},"author":1,"featured_media":12982,"comment_status":"closed","ping_status":"closed","sticky":false,"template":"","format":"standard","meta":{"pgc_meta":"","footnotes":""},"categories":[13],"tags":[],"class_list":["post-3941","post","type-post","status-publish","format-standard","has-post-thumbnail","hentry","category-gruppen-kcs"],"rttpg_featured_image_url":{"full":["https:\/\/wpkcs.karnevalsverein-sacro.de\/wp-content\/uploads\/FFF-049-A7300686-2500-2500.jpg",1667,2500,false],"landscape":["https:\/\/wpkcs.karnevalsverein-sacro.de\/wp-content\/uploads\/FFF-049-A7300686-2500-2500.jpg",1667,2500,false],"portraits":["https:\/\/wpkcs.karnevalsverein-sacro.de\/wp-content\/uploads\/FFF-049-A7300686-2500-2500.jpg",1667,2500,false],"thumbnail":["https:\/\/wpkcs.karnevalsverein-sacro.de\/wp-content\/uploads\/FFF-049-A7300686-2500-2500-300x150.jpg",300,150,true],"medium":["https:\/\/wpkcs.karnevalsverein-sacro.de\/wp-content\/uploads\/FFF-049-A7300686-2500-2500-666x1000.jpg",666,1000,true],"large":["https:\/\/wpkcs.karnevalsverein-sacro.de\/wp-content\/uploads\/FFF-049-A7300686-2500-2500-1333x2000.jpg",700,1050,true],"1536x1536":["https:\/\/wpkcs.karnevalsverein-sacro.de\/wp-content\/uploads\/FFF-049-A7300686-2500-2500.jpg",1024,1536,false],"2048x2048":["https:\/\/wpkcs.karnevalsverein-sacro.de\/wp-content\/uploads\/FFF-049-A7300686-2500-2500.jpg",1366,2048,false],"travelify-featured":["https:\/\/wpkcs.karnevalsverein-sacro.de\/wp-content\/uploads\/FFF-049-A7300686-2500-2500.jpg",200,300,false],"travelify-featured-medium":["https:\/\/wpkcs.karnevalsverein-sacro.de\/wp-content\/uploads\/FFF-049-A7300686-2500-2500.jpg",153,230,false],"travelify-slider":["https:\/\/wpkcs.karnevalsverein-sacro.de\/wp-content\/uploads\/FFF-049-A7300686-2500-2500.jpg",307,460,false],"travelify-gallery":["https:\/\/wpkcs.karnevalsverein-sacro.de\/wp-content\/uploads\/FFF-049-A7300686-2500-2500.jpg",228,342,false]},"rttpg_author":{"display_name":"KCS 1979 e.V. admin","author_link":"https:\/\/wpkcs.karnevalsverein-sacro.de\/?author=1"},"rttpg_comment":0,"rttpg_category":"<a href=\"https:\/\/wpkcs.karnevalsverein-sacro.de\/?cat=13\" rel=\"category\">Gruppen KCS<\/a>","rttpg_excerpt":"Der Name ist Programm, wenn die Herren mit Nachdruck und einem Augenzwinkern f\u00fcr \u201eOrdnung\u201c im Saal sorgen.\u00a0Vor ihnen ist selbst das Konfetti auf der Tanzfl\u00e4che nicht sicher. Doch sie k\u00f6nnen auch anders- wenn das Tragen der Vereinsstandarte Stolz und Haltung&hellip;","_links":{"self":[{"href":"https:\/\/wpkcs.karnevalsverein-sacro.de\/index.php?rest_route=\/wp\/v2\/posts\/3941","targetHints":{"allow":["GET"]}}],"collection":[{"href":"https:\/\/wpkcs.karnevalsverein-sacro.de\/index.php?rest_route=\/wp\/v2\/posts"}],"about":[{"href":"https:\/\/wpkcs.karnevalsverein-sacro.de\/index.php?rest_route=\/wp\/v2\/types\/post"}],"author":[{"embeddable":true,"href":"https:\/\/wpkcs.karnevalsverein-sacro.de\/index.php?rest_route=\/wp\/v2\/users\/1"}],"replies":[{"embeddable":true,"href":"https:\/\/wpkcs.karnevalsverein-sacro.de\/index.php?rest_route=%2Fwp%2Fv2%2Fcomments&post=3941"}],"version-history":[{"count":14,"href":"https:\/\/wpkcs.karnevalsverein-sacro.de\/index.php?rest_route=\/wp\/v2\/posts\/3941\/revisions"}],"predecessor-version":[{"id":12983,"href":"https:\/\/wpkcs.karnevalsverein-sacro.de\/index.php?rest_route=\/wp\/v2\/posts\/3941\/revisions\/12983"}],"wp:featuredmedia":[{"embeddable":true,"href":"https:\/\/wpkcs.karnevalsverein-sacro.de\/index.php?rest_route=\/wp\/v2\/media\/12982"}],"wp:attachment":[{"href":"https:\/\/wpkcs.karnevalsverein-sacro.de\/index.php?rest_route=%2Fwp%2Fv2%2Fmedia&parent=3941"}],"wp:term":[{"taxonomy":"category","embeddable":true,"href":"https:\/\/wpkcs.karnevalsverein-sacro.de\/index.php?rest_route=%2Fwp%2Fv2%2Fcategories&post=3941"},{"taxonomy":"post_tag","embeddable":true,"href":"https:\/\/wpkcs.karnevalsverein-sacro.de\/index.php?rest_route=%2Fwp%2Fv2%2Ftags&post=3941"}],"curies":[{"name":"wp","href":"https:\/\/api.w.org\/{rel}","templated":true}]}}