{"id":3889,"date":"2025-08-27T22:29:31","date_gmt":"2025-08-27T20:29:31","guid":{"rendered":"http:\/\/wpkcs.karnevalsverein-sacro.de\/?p=3889"},"modified":"2025-08-28T23:01:21","modified_gmt":"2025-08-28T21:01:21","slug":"der-elferrat","status":"publish","type":"post","link":"https:\/\/wpkcs.karnevalsverein-sacro.de\/?p=3889","title":{"rendered":"Der Elferrat"},"content":{"rendered":"<blockquote>\n<p style=\"text-align: left;\"><b>Mit Pr\u00e4sidentin und Vizepr\u00e4sident leiten sie die Geschicke des Vereins und die Gef\u00fchlswelt der G\u00e4ste in jeder Festsitzung aus der ersten Reihe.\u00a0Orts- und Kost\u00fcmwechsel sind vorprogrammiert, wenn sie direkt ins Programm eingreifen oder als Repr\u00e4sentanten des Vereins in der Region unterwegs sind.<\/b><\/p>\n<\/blockquote>\n<div id=\"kad-wp-gallery52\" class=\"kad-wp-gallery kad-light-wp-gallery clearfix kt-gallery-column-3 rowtight\"><div class=\"tcol-lg-4 tcol-md-4 tcol-sm-4 tcol-xs-6 tcol-ss-12 g_item\"><div class=\"grid_item kad_gallery_fade_in gallery_item\"><a href=\"https:\/\/wpkcs.karnevalsverein-sacro.de\/wp-content\/uploads\/102-09-A7301869-2-25001.jpg\" data-rel=\"lightbox\" class=\"lightboxhover\"><img loading=\"lazy\" decoding=\"async\" src=\"https:\/\/wpkcs.karnevalsverein-sacro.de\/wp-content\/uploads\/102-09-A7301869-2-25001-400x400.jpg\" width=\"400\" height=\"400\" alt=\"\" srcset=\"https:\/\/wpkcs.karnevalsverein-sacro.de\/wp-content\/uploads\/102-09-A7301869-2-25001-400x400.jpg 400w, https:\/\/wpkcs.karnevalsverein-sacro.de\/wp-content\/uploads\/102-09-A7301869-2-25001-230x230.jpg 230w, https:\/\/wpkcs.karnevalsverein-sacro.de\/wp-content\/uploads\/102-09-A7301869-2-25001-280x280.jpg 280w, https:\/\/wpkcs.karnevalsverein-sacro.de\/wp-content\/uploads\/102-09-A7301869-2-25001-560x560.jpg 560w, https:\/\/wpkcs.karnevalsverein-sacro.de\/wp-content\/uploads\/102-09-A7301869-2-25001-800x800.jpg 800w\" sizes=\"auto, (max-width: 400px) 100vw, 400px\" class=\"light-dropshaddow\"\/><\/a><\/div><\/div><div class=\"tcol-lg-4 tcol-md-4 tcol-sm-4 tcol-xs-6 tcol-ss-12 g_item\"><div class=\"grid_item kad_gallery_fade_in gallery_item\"><a href=\"https:\/\/wpkcs.karnevalsverein-sacro.de\/wp-content\/uploads\/235-A7302861-2500.jpg\" data-rel=\"lightbox\" class=\"lightboxhover\"><img loading=\"lazy\" decoding=\"async\" src=\"https:\/\/wpkcs.karnevalsverein-sacro.de\/wp-content\/uploads\/235-A7302861-2500-400x400.jpg\" width=\"400\" height=\"400\" alt=\"\" srcset=\"https:\/\/wpkcs.karnevalsverein-sacro.de\/wp-content\/uploads\/235-A7302861-2500-400x400.jpg 400w, https:\/\/wpkcs.karnevalsverein-sacro.de\/wp-content\/uploads\/235-A7302861-2500-230x230.jpg 230w, https:\/\/wpkcs.karnevalsverein-sacro.de\/wp-content\/uploads\/235-A7302861-2500-280x280.jpg 280w, https:\/\/wpkcs.karnevalsverein-sacro.de\/wp-content\/uploads\/235-A7302861-2500-560x560.jpg 560w, https:\/\/wpkcs.karnevalsverein-sacro.de\/wp-content\/uploads\/235-A7302861-2500-800x800.jpg 800w\" sizes=\"auto, (max-width: 400px) 100vw, 400px\" class=\"light-dropshaddow\"\/><\/a><\/div><\/div><div class=\"tcol-lg-4 tcol-md-4 tcol-sm-4 tcol-xs-6 tcol-ss-12 g_item\"><div class=\"grid_item kad_gallery_fade_in gallery_item\"><a href=\"https:\/\/wpkcs.karnevalsverein-sacro.de\/wp-content\/uploads\/215-A7302710-2500.jpg\" data-rel=\"lightbox\" class=\"lightboxhover\"><img loading=\"lazy\" decoding=\"async\" src=\"https:\/\/wpkcs.karnevalsverein-sacro.de\/wp-content\/uploads\/215-A7302710-2500-400x400.jpg\" width=\"400\" height=\"400\" alt=\"\" srcset=\"https:\/\/wpkcs.karnevalsverein-sacro.de\/wp-content\/uploads\/215-A7302710-2500-400x400.jpg 400w, https:\/\/wpkcs.karnevalsverein-sacro.de\/wp-content\/uploads\/215-A7302710-2500-230x230.jpg 230w, https:\/\/wpkcs.karnevalsverein-sacro.de\/wp-content\/uploads\/215-A7302710-2500-280x280.jpg 280w, https:\/\/wpkcs.karnevalsverein-sacro.de\/wp-content\/uploads\/215-A7302710-2500-560x560.jpg 560w, https:\/\/wpkcs.karnevalsverein-sacro.de\/wp-content\/uploads\/215-A7302710-2500-800x800.jpg 800w\" sizes=\"auto, (max-width: 400px) 100vw, 400px\" class=\"light-dropshaddow\"\/><\/a><\/div><\/div><div class=\"tcol-lg-4 tcol-md-4 tcol-sm-4 tcol-xs-6 tcol-ss-12 g_item\"><div class=\"grid_item kad_gallery_fade_in gallery_item\"><a href=\"https:\/\/wpkcs.karnevalsverein-sacro.de\/wp-content\/uploads\/207-184-A7301084-2500.jpg\" data-rel=\"lightbox\" class=\"lightboxhover\"><img loading=\"lazy\" decoding=\"async\" src=\"https:\/\/wpkcs.karnevalsverein-sacro.de\/wp-content\/uploads\/207-184-A7301084-2500-400x400.jpg\" width=\"400\" height=\"400\" alt=\"\" srcset=\"https:\/\/wpkcs.karnevalsverein-sacro.de\/wp-content\/uploads\/207-184-A7301084-2500-400x400.jpg 400w, https:\/\/wpkcs.karnevalsverein-sacro.de\/wp-content\/uploads\/207-184-A7301084-2500-230x230.jpg 230w, https:\/\/wpkcs.karnevalsverein-sacro.de\/wp-content\/uploads\/207-184-A7301084-2500-280x280.jpg 280w, https:\/\/wpkcs.karnevalsverein-sacro.de\/wp-content\/uploads\/207-184-A7301084-2500-560x560.jpg 560w, https:\/\/wpkcs.karnevalsverein-sacro.de\/wp-content\/uploads\/207-184-A7301084-2500-800x800.jpg 800w\" sizes=\"auto, (max-width: 400px) 100vw, 400px\" class=\"light-dropshaddow\"\/><\/a><\/div><\/div><div class=\"tcol-lg-4 tcol-md-4 tcol-sm-4 tcol-xs-6 tcol-ss-12 g_item\"><div class=\"grid_item kad_gallery_fade_in gallery_item\"><a href=\"https:\/\/wpkcs.karnevalsverein-sacro.de\/wp-content\/uploads\/112-081-A7302105-2500.jpg\" data-rel=\"lightbox\" class=\"lightboxhover\"><img loading=\"lazy\" decoding=\"async\" src=\"https:\/\/wpkcs.karnevalsverein-sacro.de\/wp-content\/uploads\/112-081-A7302105-2500-400x400.jpg\" width=\"400\" height=\"400\" alt=\"\" srcset=\"https:\/\/wpkcs.karnevalsverein-sacro.de\/wp-content\/uploads\/112-081-A7302105-2500-400x400.jpg 400w, https:\/\/wpkcs.karnevalsverein-sacro.de\/wp-content\/uploads\/112-081-A7302105-2500-230x230.jpg 230w, https:\/\/wpkcs.karnevalsverein-sacro.de\/wp-content\/uploads\/112-081-A7302105-2500-280x280.jpg 280w, https:\/\/wpkcs.karnevalsverein-sacro.de\/wp-content\/uploads\/112-081-A7302105-2500-560x560.jpg 560w, https:\/\/wpkcs.karnevalsverein-sacro.de\/wp-content\/uploads\/112-081-A7302105-2500-800x800.jpg 800w\" sizes=\"auto, (max-width: 400px) 100vw, 400px\" class=\"light-dropshaddow\"\/><\/a><\/div><\/div><div class=\"tcol-lg-4 tcol-md-4 tcol-sm-4 tcol-xs-6 tcol-ss-12 g_item\"><div class=\"grid_item kad_gallery_fade_in gallery_item\"><a href=\"https:\/\/wpkcs.karnevalsverein-sacro.de\/wp-content\/uploads\/262-F-CB-017-A7304688-2500.jpg\" data-rel=\"lightbox\" class=\"lightboxhover\"><img loading=\"lazy\" decoding=\"async\" src=\"https:\/\/wpkcs.karnevalsverein-sacro.de\/wp-content\/uploads\/262-F-CB-017-A7304688-2500-400x400.jpg\" width=\"400\" height=\"400\" alt=\"\" srcset=\"https:\/\/wpkcs.karnevalsverein-sacro.de\/wp-content\/uploads\/262-F-CB-017-A7304688-2500-400x400.jpg 400w, https:\/\/wpkcs.karnevalsverein-sacro.de\/wp-content\/uploads\/262-F-CB-017-A7304688-2500-230x230.jpg 230w, https:\/\/wpkcs.karnevalsverein-sacro.de\/wp-content\/uploads\/262-F-CB-017-A7304688-2500-280x280.jpg 280w, https:\/\/wpkcs.karnevalsverein-sacro.de\/wp-content\/uploads\/262-F-CB-017-A7304688-2500-560x560.jpg 560w, https:\/\/wpkcs.karnevalsverein-sacro.de\/wp-content\/uploads\/262-F-CB-017-A7304688-2500-800x800.jpg 800w\" sizes=\"auto, (max-width: 400px) 100vw, 400px\" class=\"light-dropshaddow\"\/><\/a><\/div><\/div><\/div>\n<blockquote><p><strong><a>Zur\u00fcck zur \u00dcbersicht.<\/a><\/strong><\/p><\/blockquote>\n","protected":false},"excerpt":{"rendered":"<p>Mit Pr\u00e4sidentin und Vizepr\u00e4sident leiten sie die Geschicke des Vereins und die Gef\u00fchlswelt der G\u00e4ste in jeder Festsitzung aus der ersten Reihe.\u00a0Orts- und Kost\u00fcmwechsel sind vorprogrammiert, wenn sie direkt ins Programm eingreifen oder als Repr\u00e4sentanten des Vereins in der Region&hellip; <\/p>\n","protected":false},"author":1,"featured_media":12993,"comment_status":"open","ping_status":"open","sticky":false,"template":"","format":"standard","meta":{"pgc_meta":"","footnotes":""},"categories":[13],"tags":[],"class_list":["post-3889","post","type-post","status-publish","format-standard","has-post-thumbnail","hentry","category-gruppen-kcs"],"rttpg_featured_image_url":{"full":["https:\/\/wpkcs.karnevalsverein-sacro.de\/wp-content\/uploads\/207-184-A7301084-2500.jpg",2500,1667,false],"landscape":["https:\/\/wpkcs.karnevalsverein-sacro.de\/wp-content\/uploads\/207-184-A7301084-2500.jpg",2500,1667,false],"portraits":["https:\/\/wpkcs.karnevalsverein-sacro.de\/wp-content\/uploads\/207-184-A7301084-2500.jpg",2500,1667,false],"thumbnail":["https:\/\/wpkcs.karnevalsverein-sacro.de\/wp-content\/uploads\/207-184-A7301084-2500-300x150.jpg",300,150,true],"medium":["https:\/\/wpkcs.karnevalsverein-sacro.de\/wp-content\/uploads\/207-184-A7301084-2500-1000x666.jpg",1000,666,true],"large":["https:\/\/wpkcs.karnevalsverein-sacro.de\/wp-content\/uploads\/207-184-A7301084-2500-2000x1333.jpg",700,467,true],"1536x1536":["https:\/\/wpkcs.karnevalsverein-sacro.de\/wp-content\/uploads\/207-184-A7301084-2500.jpg",1536,1024,false],"2048x2048":["https:\/\/wpkcs.karnevalsverein-sacro.de\/wp-content\/uploads\/207-184-A7301084-2500.jpg",2048,1366,false],"travelify-featured":["https:\/\/wpkcs.karnevalsverein-sacro.de\/wp-content\/uploads\/207-184-A7301084-2500.jpg",450,300,false],"travelify-featured-medium":["https:\/\/wpkcs.karnevalsverein-sacro.de\/wp-content\/uploads\/207-184-A7301084-2500.jpg",230,153,false],"travelify-slider":["https:\/\/wpkcs.karnevalsverein-sacro.de\/wp-content\/uploads\/207-184-A7301084-2500.jpg",690,460,false],"travelify-gallery":["https:\/\/wpkcs.karnevalsverein-sacro.de\/wp-content\/uploads\/207-184-A7301084-2500.jpg",474,316,false]},"rttpg_author":{"display_name":"KCS 1979 e.V. admin","author_link":"https:\/\/wpkcs.karnevalsverein-sacro.de\/?author=1"},"rttpg_comment":0,"rttpg_category":"<a href=\"https:\/\/wpkcs.karnevalsverein-sacro.de\/?cat=13\" rel=\"category\">Gruppen KCS<\/a>","rttpg_excerpt":"Mit Pr\u00e4sidentin und Vizepr\u00e4sident leiten sie die Geschicke des Vereins und die Gef\u00fchlswelt der G\u00e4ste in jeder Festsitzung aus der ersten Reihe.\u00a0Orts- und Kost\u00fcmwechsel sind vorprogrammiert, wenn sie direkt ins Programm eingreifen oder als Repr\u00e4sentanten des Vereins in der Region&hellip;","_links":{"self":[{"href":"https:\/\/wpkcs.karnevalsverein-sacro.de\/index.php?rest_route=\/wp\/v2\/posts\/3889","targetHints":{"allow":["GET"]}}],"collection":[{"href":"https:\/\/wpkcs.karnevalsverein-sacro.de\/index.php?rest_route=\/wp\/v2\/posts"}],"about":[{"href":"https:\/\/wpkcs.karnevalsverein-sacro.de\/index.php?rest_route=\/wp\/v2\/types\/post"}],"author":[{"embeddable":true,"href":"https:\/\/wpkcs.karnevalsverein-sacro.de\/index.php?rest_route=\/wp\/v2\/users\/1"}],"replies":[{"embeddable":true,"href":"https:\/\/wpkcs.karnevalsverein-sacro.de\/index.php?rest_route=%2Fwp%2Fv2%2Fcomments&post=3889"}],"version-history":[{"count":6,"href":"https:\/\/wpkcs.karnevalsverein-sacro.de\/index.php?rest_route=\/wp\/v2\/posts\/3889\/revisions"}],"predecessor-version":[{"id":12996,"href":"https:\/\/wpkcs.karnevalsverein-sacro.de\/index.php?rest_route=\/wp\/v2\/posts\/3889\/revisions\/12996"}],"wp:featuredmedia":[{"embeddable":true,"href":"https:\/\/wpkcs.karnevalsverein-sacro.de\/index.php?rest_route=\/wp\/v2\/media\/12993"}],"wp:attachment":[{"href":"https:\/\/wpkcs.karnevalsverein-sacro.de\/index.php?rest_route=%2Fwp%2Fv2%2Fmedia&parent=3889"}],"wp:term":[{"taxonomy":"category","embeddable":true,"href":"https:\/\/wpkcs.karnevalsverein-sacro.de\/index.php?rest_route=%2Fwp%2Fv2%2Fcategories&post=3889"},{"taxonomy":"post_tag","embeddable":true,"href":"https:\/\/wpkcs.karnevalsverein-sacro.de\/index.php?rest_route=%2Fwp%2Fv2%2Ftags&post=3889"}],"curies":[{"name":"wp","href":"https:\/\/api.w.org\/{rel}","templated":true}]}}